
{"id":81705,"date":"2019-08-21T20:14:18","date_gmt":"2019-08-21T23:14:18","guid":{"rendered":"https:\/\/www.sudoestehoje.com.br\/novoportal\/?p=81705"},"modified":"2019-08-22T07:48:43","modified_gmt":"2019-08-22T10:48:43","slug":"tre-oficializa-executiva-do-democratas-em-itapetinga-com-zildo-na-presidencia","status":"publish","type":"post","link":"https:\/\/www.sudoestehoje.com.br\/novoportal\/2019\/08\/21\/tre-oficializa-executiva-do-democratas-em-itapetinga-com-zildo-na-presidencia\/","title":{"rendered":"TRE OFICIALIZA EXECUTIVA DO DEMOCRATAS EM ITAPETINGA COM ZILDO NA PRESID\u00caNCIA"},"content":{"rendered":"<p><a href=\"https:\/\/www.sudoestehoje.com.br\/novoportal\/wp-content\/uploads\/2019\/08\/zildo-1.jpg\"><img loading=\"lazy\" decoding=\"async\" class=\"aligncenter size-medium wp-image-81565\" src=\"https:\/\/www.sudoestehoje.com.br\/novoportal\/wp-content\/uploads\/2019\/08\/zildo-1-500x328.jpg\" alt=\"\" width=\"500\" height=\"328\" srcset=\"https:\/\/www.sudoestehoje.com.br\/novoportal\/wp-content\/uploads\/2019\/08\/zildo-1-500x328.jpg 500w, https:\/\/www.sudoestehoje.com.br\/novoportal\/wp-content\/uploads\/2019\/08\/zildo-1-768x504.jpg 768w, https:\/\/www.sudoestehoje.com.br\/novoportal\/wp-content\/uploads\/2019\/08\/zildo-1-700x459.jpg 700w, https:\/\/www.sudoestehoje.com.br\/novoportal\/wp-content\/uploads\/2019\/08\/zildo-1.jpg 960w\" sizes=\"auto, (max-width: 500px) 100vw, 500px\" \/><\/a><\/p>\n<p>Nesta quarta-feira (21), o TRE oficializou a nova Comiss\u00e3o Executiva do DEM em Itapetinga, com o ex-vice prefeito Zildo Carvalho como presidente da legenda no munic\u00edpio.<\/p>\n<p>Al\u00e9m de Zildo Carvalho, completam o Diret\u00f3rio o ex-prefeito Jos\u00e9 Ot\u00e1vio Curvelo, como vice-presidente, Mara R\u00fabia Lima Oliveira, na secretaria, Felizd\u00eanio Xavier, tesoureiro, e Wadson (Tito) Rocha, membro.<\/p>\n<p>A confirma\u00e7\u00e3o foi noticiada pelo vice-prefeito Renan Pereira, nas redes sociais.<\/p>\n<p><strong><em>Por Davi Ferraz<\/em><\/strong><\/p>\n","protected":false},"excerpt":{"rendered":"<p>Nesta quarta-feira (21), o TRE oficializou a nova Comiss\u00e3o Executiva do DEM em Itapetinga, com o ex-vice prefeito Zildo Carvalho como presidente da legenda no munic\u00edpio. Al\u00e9m de Zildo Carvalho, completam o Diret\u00f3rio o ex-prefeito Jos\u00e9 Ot\u00e1vio Curvelo, como vice-presidente, Mara R\u00fabia Lima Oliveira, na secretaria, Felizd\u00eanio Xavier, tesoureiro, e Wadson (Tito) Rocha, membro. A [&hellip;]<\/p>\n","protected":false},"author":2,"featured_media":0,"comment_status":"open","ping_status":"open","sticky":false,"template":"","format":"standard","meta":{"footnotes":"","_links_to":"","_links_to_target":""},"categories":[1],"tags":[],"class_list":["post-81705","post","type-post","status-publish","format-standard","hentry","category-geral"],"views":738,"_links":{"self":[{"href":"https:\/\/www.sudoestehoje.com.br\/novoportal\/wp-json\/wp\/v2\/posts\/81705","targetHints":{"allow":["GET"]}}],"collection":[{"href":"https:\/\/www.sudoestehoje.com.br\/novoportal\/wp-json\/wp\/v2\/posts"}],"about":[{"href":"https:\/\/www.sudoestehoje.com.br\/novoportal\/wp-json\/wp\/v2\/types\/post"}],"author":[{"embeddable":true,"href":"https:\/\/www.sudoestehoje.com.br\/novoportal\/wp-json\/wp\/v2\/users\/2"}],"replies":[{"embeddable":true,"href":"https:\/\/www.sudoestehoje.com.br\/novoportal\/wp-json\/wp\/v2\/comments?post=81705"}],"version-history":[{"count":2,"href":"https:\/\/www.sudoestehoje.com.br\/novoportal\/wp-json\/wp\/v2\/posts\/81705\/revisions"}],"predecessor-version":[{"id":81720,"href":"https:\/\/www.sudoestehoje.com.br\/novoportal\/wp-json\/wp\/v2\/posts\/81705\/revisions\/81720"}],"wp:attachment":[{"href":"https:\/\/www.sudoestehoje.com.br\/novoportal\/wp-json\/wp\/v2\/media?parent=81705"}],"wp:term":[{"taxonomy":"category","embeddable":true,"href":"https:\/\/www.sudoestehoje.com.br\/novoportal\/wp-json\/wp\/v2\/categories?post=81705"},{"taxonomy":"post_tag","embeddable":true,"href":"https:\/\/www.sudoestehoje.com.br\/novoportal\/wp-json\/wp\/v2\/tags?post=81705"}],"curies":[{"name":"wp","href":"https:\/\/api.w.org\/{rel}","templated":true}]}}