
{"id":81703,"date":"2019-08-22T21:42:59","date_gmt":"2019-08-23T00:42:59","guid":{"rendered":"https:\/\/www.sudoestehoje.com.br\/novoportal\/?p=81703"},"modified":"2019-08-22T21:49:58","modified_gmt":"2019-08-23T00:49:58","slug":"macarani-praca-de-alimentacao-esta-em-fase-de-conclusao-e-sera-inaugurada-em-setembro","status":"publish","type":"post","link":"https:\/\/www.sudoestehoje.com.br\/novoportal\/2019\/08\/22\/macarani-praca-de-alimentacao-esta-em-fase-de-conclusao-e-sera-inaugurada-em-setembro\/","title":{"rendered":"MACARANI: PRA\u00c7A DE ALIMENTA\u00c7\u00c3O EST\u00c1 EM FASE DE CONCLUS\u00c3O E SER\u00c1 INAUGURADA EM SETEMBRO"},"content":{"rendered":"<p><a href=\"https:\/\/www.sudoestehoje.com.br\/novoportal\/wp-content\/uploads\/2019\/08\/pra\u00e7a-maca-3.jpg\"><img loading=\"lazy\" decoding=\"async\" class=\"aligncenter size-medium wp-image-81736\" src=\"https:\/\/www.sudoestehoje.com.br\/novoportal\/wp-content\/uploads\/2019\/08\/pra\u00e7a-maca-3-500x375.jpg\" alt=\"\" width=\"500\" height=\"375\" srcset=\"https:\/\/www.sudoestehoje.com.br\/novoportal\/wp-content\/uploads\/2019\/08\/pra\u00e7a-maca-3-500x375.jpg 500w, https:\/\/www.sudoestehoje.com.br\/novoportal\/wp-content\/uploads\/2019\/08\/pra\u00e7a-maca-3-768x576.jpg 768w, https:\/\/www.sudoestehoje.com.br\/novoportal\/wp-content\/uploads\/2019\/08\/pra\u00e7a-maca-3-700x525.jpg 700w, https:\/\/www.sudoestehoje.com.br\/novoportal\/wp-content\/uploads\/2019\/08\/pra\u00e7a-maca-3.jpg 960w\" sizes=\"auto, (max-width: 500px) 100vw, 500px\" \/><\/a><\/p>\n<p>Depois da remo\u00e7\u00e3o dos postes que atrapalhavam a conclus\u00e3o das obras da nova Pra\u00e7a de Alimenta\u00e7\u00e3o, o prefeito Miller Ferraz determinou que fossem tomadas as provid\u00eancias para o t\u00e9rmino da obra, que \u00e9 uma prioridade da administra\u00e7\u00e3o e um anseio dos moradores de Macarani.<\/p>\n<p><a href=\"https:\/\/www.sudoestehoje.com.br\/novoportal\/wp-content\/uploads\/2019\/08\/pra\u00e7a-maca-1.jpg\"><img loading=\"lazy\" decoding=\"async\" class=\"aligncenter size-medium wp-image-81739\" src=\"https:\/\/www.sudoestehoje.com.br\/novoportal\/wp-content\/uploads\/2019\/08\/pra\u00e7a-maca-1-500x281.jpg\" alt=\"\" width=\"500\" height=\"281\" srcset=\"https:\/\/www.sudoestehoje.com.br\/novoportal\/wp-content\/uploads\/2019\/08\/pra\u00e7a-maca-1-500x281.jpg 500w, https:\/\/www.sudoestehoje.com.br\/novoportal\/wp-content\/uploads\/2019\/08\/pra\u00e7a-maca-1-768x432.jpg 768w, https:\/\/www.sudoestehoje.com.br\/novoportal\/wp-content\/uploads\/2019\/08\/pra\u00e7a-maca-1-700x394.jpg 700w, https:\/\/www.sudoestehoje.com.br\/novoportal\/wp-content\/uploads\/2019\/08\/pra\u00e7a-maca-1.jpg 960w\" sizes=\"auto, (max-width: 500px) 100vw, 500px\" \/><\/a><\/p>\n<p>A empresa contratada para a constru\u00e7\u00e3o do novo espa\u00e7o de lazer seguiu a determina\u00e7\u00e3o do prefeito e concluiu a pavimenta\u00e7\u00e3o da rua Fernando S\u00e1 Miranda, em frente \u00e0 Escola do mesmo nome, e a abriu ao p\u00fablico at\u00e9 a conclus\u00e3o da obra que envolve a rua Encruzilhada, onde ficavam os postes.<\/p>\n<p><a href=\"https:\/\/www.sudoestehoje.com.br\/novoportal\/wp-content\/uploads\/2019\/08\/pra\u00e7a-maca-4.jpg\"><img loading=\"lazy\" decoding=\"async\" class=\"aligncenter size-medium wp-image-81741\" src=\"https:\/\/www.sudoestehoje.com.br\/novoportal\/wp-content\/uploads\/2019\/08\/pra\u00e7a-maca-4-500x281.jpg\" alt=\"\" width=\"500\" height=\"281\" srcset=\"https:\/\/www.sudoestehoje.com.br\/novoportal\/wp-content\/uploads\/2019\/08\/pra\u00e7a-maca-4-500x281.jpg 500w, https:\/\/www.sudoestehoje.com.br\/novoportal\/wp-content\/uploads\/2019\/08\/pra\u00e7a-maca-4-768x432.jpg 768w, https:\/\/www.sudoestehoje.com.br\/novoportal\/wp-content\/uploads\/2019\/08\/pra\u00e7a-maca-4-700x394.jpg 700w, https:\/\/www.sudoestehoje.com.br\/novoportal\/wp-content\/uploads\/2019\/08\/pra\u00e7a-maca-4.jpg 960w\" sizes=\"auto, (max-width: 500px) 100vw, 500px\" \/><\/a><\/p>\n<p>Os canteiros entre os assentos dever\u00e3o receber plantas e jardinagem, ap\u00f3s o t\u00e9rmino de todos os trabalhos que ainda ser\u00e3o realizados no conjunto. A inaugura\u00e7\u00e3o dever\u00e1 ocorrer no m\u00eas de setembro. <strong><em>\/\/Ascom Macarani<\/em><\/strong><\/p>\n","protected":false},"excerpt":{"rendered":"<p>Depois da remo\u00e7\u00e3o dos postes que atrapalhavam a conclus\u00e3o das obras da nova Pra\u00e7a de Alimenta\u00e7\u00e3o, o prefeito Miller Ferraz determinou que fossem tomadas as provid\u00eancias para o t\u00e9rmino da obra, que \u00e9 uma prioridade da administra\u00e7\u00e3o e um anseio dos moradores de Macarani. A empresa contratada para a constru\u00e7\u00e3o do novo espa\u00e7o de lazer [&hellip;]<\/p>\n","protected":false},"author":2,"featured_media":81736,"comment_status":"open","ping_status":"open","sticky":false,"template":"","format":"standard","meta":{"footnotes":"","_links_to":"","_links_to_target":""},"categories":[1],"tags":[],"class_list":["post-81703","post","type-post","status-publish","format-standard","has-post-thumbnail","hentry","category-geral"],"views":874,"_links":{"self":[{"href":"https:\/\/www.sudoestehoje.com.br\/novoportal\/wp-json\/wp\/v2\/posts\/81703","targetHints":{"allow":["GET"]}}],"collection":[{"href":"https:\/\/www.sudoestehoje.com.br\/novoportal\/wp-json\/wp\/v2\/posts"}],"about":[{"href":"https:\/\/www.sudoestehoje.com.br\/novoportal\/wp-json\/wp\/v2\/types\/post"}],"author":[{"embeddable":true,"href":"https:\/\/www.sudoestehoje.com.br\/novoportal\/wp-json\/wp\/v2\/users\/2"}],"replies":[{"embeddable":true,"href":"https:\/\/www.sudoestehoje.com.br\/novoportal\/wp-json\/wp\/v2\/comments?post=81703"}],"version-history":[{"count":7,"href":"https:\/\/www.sudoestehoje.com.br\/novoportal\/wp-json\/wp\/v2\/posts\/81703\/revisions"}],"predecessor-version":[{"id":81743,"href":"https:\/\/www.sudoestehoje.com.br\/novoportal\/wp-json\/wp\/v2\/posts\/81703\/revisions\/81743"}],"wp:featuredmedia":[{"embeddable":true,"href":"https:\/\/www.sudoestehoje.com.br\/novoportal\/wp-json\/wp\/v2\/media\/81736"}],"wp:attachment":[{"href":"https:\/\/www.sudoestehoje.com.br\/novoportal\/wp-json\/wp\/v2\/media?parent=81703"}],"wp:term":[{"taxonomy":"category","embeddable":true,"href":"https:\/\/www.sudoestehoje.com.br\/novoportal\/wp-json\/wp\/v2\/categories?post=81703"},{"taxonomy":"post_tag","embeddable":true,"href":"https:\/\/www.sudoestehoje.com.br\/novoportal\/wp-json\/wp\/v2\/tags?post=81703"}],"curies":[{"name":"wp","href":"https:\/\/api.w.org\/{rel}","templated":true}]}}