
{"id":81697,"date":"2019-08-21T18:04:39","date_gmt":"2019-08-21T21:04:39","guid":{"rendered":"https:\/\/www.sudoestehoje.com.br\/novoportal\/?p=81697"},"modified":"2019-08-21T18:04:39","modified_gmt":"2019-08-21T21:04:39","slug":"itapetinga-presidente-do-psl-e-criticado-por-participar-de-reuniao-com-politicos-da-base-de-rui-costa","status":"publish","type":"post","link":"https:\/\/www.sudoestehoje.com.br\/novoportal\/2019\/08\/21\/itapetinga-presidente-do-psl-e-criticado-por-participar-de-reuniao-com-politicos-da-base-de-rui-costa\/","title":{"rendered":"ITAPETINGA: PRESIDENTE DO PSL \u00c9 CRITICADO POR PARTICIPAR DE REUNI\u00c3O COM POL\u00cdTICOS DA BASE DE RUI COSTA"},"content":{"rendered":"<p><a href=\"https:\/\/www.sudoestehoje.com.br\/novoportal\/wp-content\/uploads\/2019\/08\/exercito-de-brancaleone.jpg\"><img loading=\"lazy\" decoding=\"async\" class=\"aligncenter size-medium wp-image-81698\" src=\"https:\/\/www.sudoestehoje.com.br\/novoportal\/wp-content\/uploads\/2019\/08\/exercito-de-brancaleone-500x375.jpg\" alt=\"\" width=\"500\" height=\"375\" srcset=\"https:\/\/www.sudoestehoje.com.br\/novoportal\/wp-content\/uploads\/2019\/08\/exercito-de-brancaleone-500x375.jpg 500w, https:\/\/www.sudoestehoje.com.br\/novoportal\/wp-content\/uploads\/2019\/08\/exercito-de-brancaleone-768x576.jpg 768w, https:\/\/www.sudoestehoje.com.br\/novoportal\/wp-content\/uploads\/2019\/08\/exercito-de-brancaleone-700x525.jpg 700w, https:\/\/www.sudoestehoje.com.br\/novoportal\/wp-content\/uploads\/2019\/08\/exercito-de-brancaleone.jpg 960w\" sizes=\"auto, (max-width: 500px) 100vw, 500px\" \/><\/a><\/p>\n<p>Um inusitado encontro reuniu, nesta ter\u00e7a-feira (20), o presidente do PSL de Bolsonaro, membros sem express\u00e3o do DEM e a &#8216;c\u00fapula&#8217; do PDT do vereador Romildo Teixeira e do advogado Hild\u00e9rico Nogueira &#8220;Tiquinho&#8221;, ex-candidato a prefeito desistente nas elei\u00e7\u00f5es de 2016, ligado \u00e0 base do governador petista Rui Costa.<\/p>\n<p>Assim que a foto da reuni\u00e3o foi postada em blogs de oposi\u00e7\u00e3o e redes sociais, pesadas cr\u00edticas reca\u00edram sobre o presidente do PSL, <strong>F\u00e1bio Garcia<\/strong>, tido como<em> bolsonarista e direitista<\/em> de carteirinha, que at\u00e9 agora parecia mais ligado \u00e0 oposi\u00e7\u00e3o ao PT e seus aliados, como \u00e9 caracter\u00edstica da &#8216;direita&#8217;.<\/p>\n<p>A <em>&#8216;salada de frutas<\/em> <em>indigesta&#8217;<\/em> contou ainda com a participa\u00e7\u00e3o do m\u00e9dico Silvio Macedo, ex-MDB, dos ex-vereadores Gama Sobrinho e Juraci Nunes e do comerciante Gild\u00e1sio Queir\u00f3z, que na elei\u00e7\u00e3o passada integrou a campanha do candidato a prefeito Adriano Alc\u00e2ntara, do PSDB.<\/p>\n<p>Sem nenhum prop\u00f3sito pol\u00edtico relevante, a reuni\u00e3o de figuras t\u00e3o antag\u00f4nicas e sem express\u00e3o pol\u00edtica no munic\u00edpio, mais pareceu uma tentativa desesperada em busca do espa\u00e7o pol\u00edtico perdido no passado, por merecimento.<\/p>\n<p>Surpreendeu as presen\u00e7as do vereador Jos\u00e9 Antunes e do m\u00e9dico Silvio Macedo, nesse verdadeiro<strong><em> &#8220;Ex\u00e9rcito de Brancaleone&#8221;<\/em><\/strong> dos dias atuais.<\/p>\n<p>V\u00e1 entender&#8230;<\/p>\n<p><strong><em>Por Davi Ferraz\u00a0<\/em><\/strong><\/p>\n","protected":false},"excerpt":{"rendered":"<p>Um inusitado encontro reuniu, nesta ter\u00e7a-feira (20), o presidente do PSL de Bolsonaro, membros sem express\u00e3o do DEM e a &#8216;c\u00fapula&#8217; do PDT do vereador Romildo Teixeira e do advogado Hild\u00e9rico Nogueira &#8220;Tiquinho&#8221;, ex-candidato a prefeito desistente nas elei\u00e7\u00f5es de 2016, ligado \u00e0 base do governador petista Rui Costa. Assim que a foto da reuni\u00e3o [&hellip;]<\/p>\n","protected":false},"author":2,"featured_media":81698,"comment_status":"open","ping_status":"open","sticky":false,"template":"","format":"standard","meta":{"footnotes":"","_links_to":"","_links_to_target":""},"categories":[1],"tags":[],"class_list":["post-81697","post","type-post","status-publish","format-standard","has-post-thumbnail","hentry","category-geral"],"views":770,"_links":{"self":[{"href":"https:\/\/www.sudoestehoje.com.br\/novoportal\/wp-json\/wp\/v2\/posts\/81697","targetHints":{"allow":["GET"]}}],"collection":[{"href":"https:\/\/www.sudoestehoje.com.br\/novoportal\/wp-json\/wp\/v2\/posts"}],"about":[{"href":"https:\/\/www.sudoestehoje.com.br\/novoportal\/wp-json\/wp\/v2\/types\/post"}],"author":[{"embeddable":true,"href":"https:\/\/www.sudoestehoje.com.br\/novoportal\/wp-json\/wp\/v2\/users\/2"}],"replies":[{"embeddable":true,"href":"https:\/\/www.sudoestehoje.com.br\/novoportal\/wp-json\/wp\/v2\/comments?post=81697"}],"version-history":[{"count":4,"href":"https:\/\/www.sudoestehoje.com.br\/novoportal\/wp-json\/wp\/v2\/posts\/81697\/revisions"}],"predecessor-version":[{"id":81702,"href":"https:\/\/www.sudoestehoje.com.br\/novoportal\/wp-json\/wp\/v2\/posts\/81697\/revisions\/81702"}],"wp:featuredmedia":[{"embeddable":true,"href":"https:\/\/www.sudoestehoje.com.br\/novoportal\/wp-json\/wp\/v2\/media\/81698"}],"wp:attachment":[{"href":"https:\/\/www.sudoestehoje.com.br\/novoportal\/wp-json\/wp\/v2\/media?parent=81697"}],"wp:term":[{"taxonomy":"category","embeddable":true,"href":"https:\/\/www.sudoestehoje.com.br\/novoportal\/wp-json\/wp\/v2\/categories?post=81697"},{"taxonomy":"post_tag","embeddable":true,"href":"https:\/\/www.sudoestehoje.com.br\/novoportal\/wp-json\/wp\/v2\/tags?post=81697"}],"curies":[{"name":"wp","href":"https:\/\/api.w.org\/{rel}","templated":true}]}}