
{"id":81691,"date":"2019-08-21T16:50:47","date_gmt":"2019-08-21T19:50:47","guid":{"rendered":"https:\/\/www.sudoestehoje.com.br\/novoportal\/?p=81691"},"modified":"2019-08-21T16:50:47","modified_gmt":"2019-08-21T19:50:47","slug":"leonardo-matos-assume-coordenacao-executiva-da-federacao-das-santas-casas-e-hospitais-filantropicos-do-estado-da-bahia","status":"publish","type":"post","link":"https:\/\/www.sudoestehoje.com.br\/novoportal\/2019\/08\/21\/leonardo-matos-assume-coordenacao-executiva-da-federacao-das-santas-casas-e-hospitais-filantropicos-do-estado-da-bahia\/","title":{"rendered":"LEONARDO MATOS ASSUME COORDENA\u00c7\u00c3O EXECUTIVA DA FEDERA\u00c7\u00c3O DAS SANTAS CASAS E HOSPITAIS FILANTR\u00d3PICOS DO ESTADO DA BAHIA"},"content":{"rendered":"<p><a href=\"https:\/\/www.sudoestehoje.com.br\/novoportal\/wp-content\/uploads\/2019\/08\/BRITO-E-LEO-HOJE.jpeg\"><img loading=\"lazy\" decoding=\"async\" class=\"aligncenter size-medium wp-image-81692\" src=\"https:\/\/www.sudoestehoje.com.br\/novoportal\/wp-content\/uploads\/2019\/08\/BRITO-E-LEO-HOJE-500x520.jpeg\" alt=\"\" width=\"500\" height=\"520\" srcset=\"https:\/\/www.sudoestehoje.com.br\/novoportal\/wp-content\/uploads\/2019\/08\/BRITO-E-LEO-HOJE-500x520.jpeg 500w, https:\/\/www.sudoestehoje.com.br\/novoportal\/wp-content\/uploads\/2019\/08\/BRITO-E-LEO-HOJE.jpeg 768w, https:\/\/www.sudoestehoje.com.br\/novoportal\/wp-content\/uploads\/2019\/08\/BRITO-E-LEO-HOJE-700x728.jpeg 700w\" sizes=\"auto, (max-width: 500px) 100vw, 500px\" \/><\/a><\/p>\n<p>O itapetinguense Leonardo Matos assumiu, nesta quarta-feira (21), o cargo de Coordenador Executivo da Federa\u00e7\u00e3o das Santas Casas da Bahia \u2013 FESFBA.Com passagens pelo Tribunal de Justi\u00e7a do Estado da Bahia \u2013 TJ\/BA, pela Assembleia Legislativa da Bahia \u2013 AL\/BA e na Coordena\u00e7\u00e3o do Hospital Cristo Redentor\/ Funda\u00e7\u00e3o Jos\u00e9 Silveira em Itapetinga, o advogado recebeu o convite da presidente da FESFBA Doraildes Nunes para intensificar as a\u00e7\u00f5es em prol do setor filantr\u00f3pico no Estado da Bahia e refor\u00e7ar a interlocu\u00e7\u00e3o com o deputado federal Antonio Brito (PSD-BA), que preside a Frente Parlamentar das Santas Casas e a Comiss\u00e3o de Seguridade Social e Sa\u00fade da C\u00e2mara dos Deputados.<\/p>\n","protected":false},"excerpt":{"rendered":"<p>O itapetinguense Leonardo Matos assumiu, nesta quarta-feira (21), o cargo de Coordenador Executivo da Federa\u00e7\u00e3o das Santas Casas da Bahia \u2013 FESFBA.Com passagens pelo Tribunal de Justi\u00e7a do Estado da Bahia \u2013 TJ\/BA, pela Assembleia Legislativa da Bahia \u2013 AL\/BA e na Coordena\u00e7\u00e3o do Hospital Cristo Redentor\/ Funda\u00e7\u00e3o Jos\u00e9 Silveira em Itapetinga, o advogado recebeu [&hellip;]<\/p>\n","protected":false},"author":2,"featured_media":81692,"comment_status":"open","ping_status":"open","sticky":false,"template":"","format":"standard","meta":{"footnotes":"","_links_to":"","_links_to_target":""},"categories":[1],"tags":[],"class_list":["post-81691","post","type-post","status-publish","format-standard","has-post-thumbnail","hentry","category-geral"],"views":755,"_links":{"self":[{"href":"https:\/\/www.sudoestehoje.com.br\/novoportal\/wp-json\/wp\/v2\/posts\/81691","targetHints":{"allow":["GET"]}}],"collection":[{"href":"https:\/\/www.sudoestehoje.com.br\/novoportal\/wp-json\/wp\/v2\/posts"}],"about":[{"href":"https:\/\/www.sudoestehoje.com.br\/novoportal\/wp-json\/wp\/v2\/types\/post"}],"author":[{"embeddable":true,"href":"https:\/\/www.sudoestehoje.com.br\/novoportal\/wp-json\/wp\/v2\/users\/2"}],"replies":[{"embeddable":true,"href":"https:\/\/www.sudoestehoje.com.br\/novoportal\/wp-json\/wp\/v2\/comments?post=81691"}],"version-history":[{"count":2,"href":"https:\/\/www.sudoestehoje.com.br\/novoportal\/wp-json\/wp\/v2\/posts\/81691\/revisions"}],"predecessor-version":[{"id":81694,"href":"https:\/\/www.sudoestehoje.com.br\/novoportal\/wp-json\/wp\/v2\/posts\/81691\/revisions\/81694"}],"wp:featuredmedia":[{"embeddable":true,"href":"https:\/\/www.sudoestehoje.com.br\/novoportal\/wp-json\/wp\/v2\/media\/81692"}],"wp:attachment":[{"href":"https:\/\/www.sudoestehoje.com.br\/novoportal\/wp-json\/wp\/v2\/media?parent=81691"}],"wp:term":[{"taxonomy":"category","embeddable":true,"href":"https:\/\/www.sudoestehoje.com.br\/novoportal\/wp-json\/wp\/v2\/categories?post=81691"},{"taxonomy":"post_tag","embeddable":true,"href":"https:\/\/www.sudoestehoje.com.br\/novoportal\/wp-json\/wp\/v2\/tags?post=81691"}],"curies":[{"name":"wp","href":"https:\/\/api.w.org\/{rel}","templated":true}]}}