
{"id":81683,"date":"2019-08-20T18:12:31","date_gmt":"2019-08-20T21:12:31","guid":{"rendered":"https:\/\/www.sudoestehoje.com.br\/novoportal\/?p=81683"},"modified":"2019-08-20T18:12:31","modified_gmt":"2019-08-20T21:12:31","slug":"justica-eleitoral-condena-fernando-haddad-a-4-anos-e-6-meses-de-prisao-por-caixa-2","status":"publish","type":"post","link":"https:\/\/www.sudoestehoje.com.br\/novoportal\/2019\/08\/20\/justica-eleitoral-condena-fernando-haddad-a-4-anos-e-6-meses-de-prisao-por-caixa-2\/","title":{"rendered":"JUSTI\u00c7A ELEITORAL CONDENA FERNANDO HADDAD A 4 ANOS E 6 MESES DE PRIS\u00c3O POR CAIXA 2"},"content":{"rendered":"<p><a href=\"https:\/\/www.sudoestehoje.com.br\/novoportal\/wp-content\/uploads\/2019\/08\/Haddad4.jpg\"><img loading=\"lazy\" decoding=\"async\" class=\"aligncenter size-medium wp-image-81685\" src=\"https:\/\/www.sudoestehoje.com.br\/novoportal\/wp-content\/uploads\/2019\/08\/Haddad4-500x350.jpg\" alt=\"\" width=\"500\" height=\"350\" srcset=\"https:\/\/www.sudoestehoje.com.br\/novoportal\/wp-content\/uploads\/2019\/08\/Haddad4-500x350.jpg 500w, https:\/\/www.sudoestehoje.com.br\/novoportal\/wp-content\/uploads\/2019\/08\/Haddad4.jpg 600w\" sizes=\"auto, (max-width: 500px) 100vw, 500px\" \/><\/a><\/p>\n<p>O ex-prefeito de S\u00e3o Paulo Fernando Haddad (PT) foi condenado pela Justi\u00e7a Eleitoral pelo crime de caixa dois na elei\u00e7\u00e3o municipal de 2012, informa a coluna Painel, da Folha.<\/p>\n<p>O juiz Francisco Carlos Inouye Shintate determinou pena de \u201cquatro anos e seis meses de reclus\u00e3o, e 18 dias-multa, cada um no valor de 1 sal\u00e1rio-m\u00ednimo vigente na \u00e9poca do fato\u201d.<\/p>\n<p>O magistrado absolveu o petista de outras acusa\u00e7\u00f5es, como forma\u00e7\u00e3o de quadrilha e lavagem de dinheiro. O processo est\u00e1 relacionado \u00e0 utiliza\u00e7\u00e3o de recursos da empreiteira UTC na confec\u00e7\u00e3o de material de campanha de Haddad.<\/p>\n<p>Em nota, a defesa do ex-prefeito informou que recorrer\u00e1 da decis\u00e3o.<\/p>\n","protected":false},"excerpt":{"rendered":"<p>O ex-prefeito de S\u00e3o Paulo Fernando Haddad (PT) foi condenado pela Justi\u00e7a Eleitoral pelo crime de caixa dois na elei\u00e7\u00e3o municipal de 2012, informa a coluna Painel, da Folha. O juiz Francisco Carlos Inouye Shintate determinou pena de \u201cquatro anos e seis meses de reclus\u00e3o, e 18 dias-multa, cada um no valor de 1 sal\u00e1rio-m\u00ednimo [&hellip;]<\/p>\n","protected":false},"author":2,"featured_media":81685,"comment_status":"open","ping_status":"open","sticky":false,"template":"","format":"standard","meta":{"footnotes":"","_links_to":"","_links_to_target":""},"categories":[1],"tags":[],"class_list":["post-81683","post","type-post","status-publish","format-standard","has-post-thumbnail","hentry","category-geral"],"views":726,"_links":{"self":[{"href":"https:\/\/www.sudoestehoje.com.br\/novoportal\/wp-json\/wp\/v2\/posts\/81683","targetHints":{"allow":["GET"]}}],"collection":[{"href":"https:\/\/www.sudoestehoje.com.br\/novoportal\/wp-json\/wp\/v2\/posts"}],"about":[{"href":"https:\/\/www.sudoestehoje.com.br\/novoportal\/wp-json\/wp\/v2\/types\/post"}],"author":[{"embeddable":true,"href":"https:\/\/www.sudoestehoje.com.br\/novoportal\/wp-json\/wp\/v2\/users\/2"}],"replies":[{"embeddable":true,"href":"https:\/\/www.sudoestehoje.com.br\/novoportal\/wp-json\/wp\/v2\/comments?post=81683"}],"version-history":[{"count":2,"href":"https:\/\/www.sudoestehoje.com.br\/novoportal\/wp-json\/wp\/v2\/posts\/81683\/revisions"}],"predecessor-version":[{"id":81686,"href":"https:\/\/www.sudoestehoje.com.br\/novoportal\/wp-json\/wp\/v2\/posts\/81683\/revisions\/81686"}],"wp:featuredmedia":[{"embeddable":true,"href":"https:\/\/www.sudoestehoje.com.br\/novoportal\/wp-json\/wp\/v2\/media\/81685"}],"wp:attachment":[{"href":"https:\/\/www.sudoestehoje.com.br\/novoportal\/wp-json\/wp\/v2\/media?parent=81683"}],"wp:term":[{"taxonomy":"category","embeddable":true,"href":"https:\/\/www.sudoestehoje.com.br\/novoportal\/wp-json\/wp\/v2\/categories?post=81683"},{"taxonomy":"post_tag","embeddable":true,"href":"https:\/\/www.sudoestehoje.com.br\/novoportal\/wp-json\/wp\/v2\/tags?post=81683"}],"curies":[{"name":"wp","href":"https:\/\/api.w.org\/{rel}","templated":true}]}}