
{"id":81674,"date":"2019-08-20T13:01:57","date_gmt":"2019-08-20T16:01:57","guid":{"rendered":"https:\/\/www.sudoestehoje.com.br\/novoportal\/?p=81674"},"modified":"2019-08-20T13:03:47","modified_gmt":"2019-08-20T16:03:47","slug":"rio-niteroi-sequestrador-de-onibus-e-morto-por-atirador-apos-3-horas-de-negociacao","status":"publish","type":"post","link":"https:\/\/www.sudoestehoje.com.br\/novoportal\/2019\/08\/20\/rio-niteroi-sequestrador-de-onibus-e-morto-por-atirador-apos-3-horas-de-negociacao\/","title":{"rendered":"RIO-NITER\u00d3I: SEQUESTRADOR DE \u00d4NIBUS \u00c9 MORTO POR ATIRADOR AP\u00d3S 3 HORAS DE NEGOCIA\u00c7\u00c3O"},"content":{"rendered":"<div class=\"mc-column content-text active-extra-styles \" data-block-type=\"unstyled\" data-block-weight=\"35\" data-block-id=\"2\">\n<p data-track-category=\"Link no Texto\" data-track-links=\"\"><a href=\"https:\/\/www.sudoestehoje.com.br\/novoportal\/wp-content\/uploads\/2019\/08\/PONTE-RIO-NITEROI.jpg\"><img loading=\"lazy\" decoding=\"async\" class=\"aligncenter size-medium wp-image-81675\" src=\"https:\/\/www.sudoestehoje.com.br\/novoportal\/wp-content\/uploads\/2019\/08\/PONTE-RIO-NITEROI-500x336.jpg\" alt=\"\" width=\"500\" height=\"336\" srcset=\"https:\/\/www.sudoestehoje.com.br\/novoportal\/wp-content\/uploads\/2019\/08\/PONTE-RIO-NITEROI-500x336.jpg 500w, https:\/\/www.sudoestehoje.com.br\/novoportal\/wp-content\/uploads\/2019\/08\/PONTE-RIO-NITEROI.jpg 700w\" sizes=\"auto, (max-width: 500px) 100vw, 500px\" \/><\/a><\/p>\n<p class=\"content-text__container \" data-track-category=\"Link no Texto\" data-track-links=\"\">O sequestrador de\u00a0<a href=\"https:\/\/g1.globo.com\/rj\/rio-de-janeiro\/noticia\/2019\/08\/20\/homem-armado-ameaca-passageiros-em-onibus-na-ponte-rio-niteroi.ghtml\">um \u00f4nibus na Ponte Rio-Niter\u00f3i<\/a>\u00a0foi baleado e morto por um atirador de elite do Batalh\u00e3o de Opera\u00e7\u00f5es Especiais (Bope). Veja o momento em que o criminoso \u00e9 atingido no v\u00eddeo acima.<\/p>\n<\/div>\n<div class=\"wall protected-content\">\n<div class=\"mc-column content-text active-extra-styles \" data-block-type=\"unstyled\" data-block-weight=\"30\" data-block-id=\"3\">\n<p class=\"content-text__container \" data-track-category=\"Link no Texto\" data-track-links=\"\">O homem, identificado como Willian Augusto da Silva, de 20 anos, desceu do coletivo e jogou um casaco para os policiais. Quando ia subir a escada para reembarcar, foi baleado.<\/p>\n<div class=\"mc-column content-text active-extra-styles \" data-block-type=\"unstyled\" data-block-weight=\"13\" data-block-id=\"7\">\n<p class=\"content-text__container \" data-track-category=\"Link no Texto\" data-track-links=\"\">Todos os 37 ref\u00e9ns foram liberados sem ferimentos, segundo informa\u00e7\u00f5es da Pol\u00edcia Militar.<\/p>\n<\/div>\n<div class=\"mc-column content-text active-extra-styles \" data-block-type=\"unstyled\" data-block-weight=\"21\" data-block-id=\"8\">\n<p class=\"content-text__container \" data-track-category=\"Link no Texto\" data-track-links=\"\">Os tiros foram disparados \u00e0s 9h04 desta ter\u00e7a-feira (20), cerca de tr\u00eas horas e meia ap\u00f3s o in\u00edcio do sequestro.<\/p>\n<p data-track-category=\"Link no Texto\" data-track-links=\"\"><a href=\"https:\/\/www.sudoestehoje.com.br\/novoportal\/wp-content\/uploads\/2019\/08\/SEQUESTRADOR-PONTE.jpg\"><img loading=\"lazy\" decoding=\"async\" class=\"aligncenter size-medium wp-image-81677\" src=\"https:\/\/www.sudoestehoje.com.br\/novoportal\/wp-content\/uploads\/2019\/08\/SEQUESTRADOR-PONTE-500x685.jpg\" alt=\"\" width=\"500\" height=\"685\" srcset=\"https:\/\/www.sudoestehoje.com.br\/novoportal\/wp-content\/uploads\/2019\/08\/SEQUESTRADOR-PONTE-500x685.jpg 500w, https:\/\/www.sudoestehoje.com.br\/novoportal\/wp-content\/uploads\/2019\/08\/SEQUESTRADOR-PONTE.jpg 640w\" sizes=\"auto, (max-width: 500px) 100vw, 500px\" \/><\/a><\/p>\n<\/div>\n<div class=\"mc-column content-text active-extra-styles \" data-block-type=\"unstyled\" data-block-weight=\"25\" data-block-id=\"9\">\n<p class=\"content-text__container \" data-track-category=\"Link no Texto\" data-track-links=\"\">Willian se dizia policial militar, mas n\u00e3o passou pela corpora\u00e7\u00e3o. Segundo o porta-voz da Pol\u00edcia Militar, a arma que o bandido usava era de brinquedo.<\/p>\n<\/div>\n<div class=\"mc-column content-text active-extra-styles \" data-block-type=\"unstyled\" data-block-weight=\"19\" data-block-id=\"10\">\n<p class=\"content-text__container \" data-track-category=\"Link no Texto\" data-track-links=\"\">A \u00fanica exig\u00eancia do sequestrador foi uma ambul\u00e2ncia. Ao ser baleado, ele foi levado para o Hospital Souza Aguiar.<\/p>\n<\/div>\n<div class=\"mc-column content-text active-extra-styles \" data-block-type=\"unstyled\" data-block-weight=\"23\" data-block-id=\"11\">\n<p class=\"content-text__container \" data-track-category=\"Link no Texto\" data-track-links=\"\">&#8220;O paciente chegou em parada cardiorrespirat\u00f3ria, e foi constatado o \u00f3bito pela equipe m\u00e9dica do hospital&#8221;, diz nota da Secretaria Municipal de Sa\u00fade.<\/p>\n<\/div>\n<\/div>\n<\/div>\n","protected":false},"excerpt":{"rendered":"<p>O sequestrador de\u00a0um \u00f4nibus na Ponte Rio-Niter\u00f3i\u00a0foi baleado e morto por um atirador de elite do Batalh\u00e3o de Opera\u00e7\u00f5es Especiais (Bope). Veja o momento em que o criminoso \u00e9 atingido no v\u00eddeo acima. O homem, identificado como Willian Augusto da Silva, de 20 anos, desceu do coletivo e jogou um casaco para os policiais. Quando [&hellip;]<\/p>\n","protected":false},"author":2,"featured_media":81675,"comment_status":"open","ping_status":"open","sticky":false,"template":"","format":"standard","meta":{"footnotes":"","_links_to":"","_links_to_target":""},"categories":[1],"tags":[],"class_list":["post-81674","post","type-post","status-publish","format-standard","has-post-thumbnail","hentry","category-geral"],"views":809,"_links":{"self":[{"href":"https:\/\/www.sudoestehoje.com.br\/novoportal\/wp-json\/wp\/v2\/posts\/81674","targetHints":{"allow":["GET"]}}],"collection":[{"href":"https:\/\/www.sudoestehoje.com.br\/novoportal\/wp-json\/wp\/v2\/posts"}],"about":[{"href":"https:\/\/www.sudoestehoje.com.br\/novoportal\/wp-json\/wp\/v2\/types\/post"}],"author":[{"embeddable":true,"href":"https:\/\/www.sudoestehoje.com.br\/novoportal\/wp-json\/wp\/v2\/users\/2"}],"replies":[{"embeddable":true,"href":"https:\/\/www.sudoestehoje.com.br\/novoportal\/wp-json\/wp\/v2\/comments?post=81674"}],"version-history":[{"count":2,"href":"https:\/\/www.sudoestehoje.com.br\/novoportal\/wp-json\/wp\/v2\/posts\/81674\/revisions"}],"predecessor-version":[{"id":81678,"href":"https:\/\/www.sudoestehoje.com.br\/novoportal\/wp-json\/wp\/v2\/posts\/81674\/revisions\/81678"}],"wp:featuredmedia":[{"embeddable":true,"href":"https:\/\/www.sudoestehoje.com.br\/novoportal\/wp-json\/wp\/v2\/media\/81675"}],"wp:attachment":[{"href":"https:\/\/www.sudoestehoje.com.br\/novoportal\/wp-json\/wp\/v2\/media?parent=81674"}],"wp:term":[{"taxonomy":"category","embeddable":true,"href":"https:\/\/www.sudoestehoje.com.br\/novoportal\/wp-json\/wp\/v2\/categories?post=81674"},{"taxonomy":"post_tag","embeddable":true,"href":"https:\/\/www.sudoestehoje.com.br\/novoportal\/wp-json\/wp\/v2\/tags?post=81674"}],"curies":[{"name":"wp","href":"https:\/\/api.w.org\/{rel}","templated":true}]}}