
{"id":81659,"date":"2019-08-19T13:10:54","date_gmt":"2019-08-19T16:10:54","guid":{"rendered":"https:\/\/www.sudoestehoje.com.br\/novoportal\/?p=81659"},"modified":"2019-08-19T13:10:54","modified_gmt":"2019-08-19T16:10:54","slug":"prefeito-rodrigo-hagge-secretarios-e-vereadores-visitam-lagoas-de-tratamento-de-esgotos-para-despoluicao-do-rio-catole","status":"publish","type":"post","link":"https:\/\/www.sudoestehoje.com.br\/novoportal\/2019\/08\/19\/prefeito-rodrigo-hagge-secretarios-e-vereadores-visitam-lagoas-de-tratamento-de-esgotos-para-despoluicao-do-rio-catole\/","title":{"rendered":"PREFEITO RODRIGO HAGGE, SECRET\u00c1RIOS E VEREADORES VISITAM LAGOAS DE TRATAMENTO DE ESGOTOS PARA DESPOLUI\u00c7\u00c3O DO RIO CATOL\u00c9"},"content":{"rendered":"<p data-raofz=\"16\"><a href=\"https:\/\/www.sudoestehoje.com.br\/novoportal\/wp-content\/uploads\/2019\/08\/TANQUE-4.jpg\"><img loading=\"lazy\" decoding=\"async\" class=\"aligncenter size-medium wp-image-81665\" src=\"https:\/\/www.sudoestehoje.com.br\/novoportal\/wp-content\/uploads\/2019\/08\/TANQUE-4-500x333.jpg\" alt=\"\" width=\"500\" height=\"333\" srcset=\"https:\/\/www.sudoestehoje.com.br\/novoportal\/wp-content\/uploads\/2019\/08\/TANQUE-4-500x333.jpg 500w, https:\/\/www.sudoestehoje.com.br\/novoportal\/wp-content\/uploads\/2019\/08\/TANQUE-4-768x512.jpg 768w, https:\/\/www.sudoestehoje.com.br\/novoportal\/wp-content\/uploads\/2019\/08\/TANQUE-4-700x467.jpg 700w, https:\/\/www.sudoestehoje.com.br\/novoportal\/wp-content\/uploads\/2019\/08\/TANQUE-4.jpg 960w\" sizes=\"auto, (max-width: 500px) 100vw, 500px\" \/><\/a><\/p>\n<p data-raofz=\"16\">O prefeito Rodrigo Hagge esteve na manh\u00e3 desta segunda-feira, 19, junto com secret\u00e1rios e vereadores, visitando as lagoas de decanta\u00e7\u00e3o de esgoto de Itapetinga. Ap\u00f3s o projeto de lei que desafetou terras do munic\u00edpio para permutas, a administra\u00e7\u00e3o conseguiu alojar as fam\u00edlias, antes instaladas irregularmente ali, em outro ambiente no qual ser\u00e1 criada uma horta comunit\u00e1ria. Assim, a \u00e1rea destinada ao tratamento do esgoto ficou liberada para reativar um projeto que previa sanear todo o munic\u00edpio.<\/p>\n<p data-raofz=\"16\"><a href=\"https:\/\/www.sudoestehoje.com.br\/novoportal\/wp-content\/uploads\/2019\/08\/TANQUE-2.jpg\"><img loading=\"lazy\" decoding=\"async\" class=\"aligncenter size-medium wp-image-81663\" src=\"https:\/\/www.sudoestehoje.com.br\/novoportal\/wp-content\/uploads\/2019\/08\/TANQUE-2-500x333.jpg\" alt=\"\" width=\"500\" height=\"333\" srcset=\"https:\/\/www.sudoestehoje.com.br\/novoportal\/wp-content\/uploads\/2019\/08\/TANQUE-2-500x333.jpg 500w, https:\/\/www.sudoestehoje.com.br\/novoportal\/wp-content\/uploads\/2019\/08\/TANQUE-2-768x512.jpg 768w, https:\/\/www.sudoestehoje.com.br\/novoportal\/wp-content\/uploads\/2019\/08\/TANQUE-2-700x467.jpg 700w, https:\/\/www.sudoestehoje.com.br\/novoportal\/wp-content\/uploads\/2019\/08\/TANQUE-2.jpg 960w\" sizes=\"auto, (max-width: 500px) 100vw, 500px\" \/><\/a><\/p>\n<p data-raofz=\"16\">Em 2005, o ent\u00e3o prefeito Michel Hagge iniciou um projeto grandioso que trataria o esgoto da cidade e livraria o Rio Catol\u00e9 da polui\u00e7\u00e3o derivada dos domic\u00edlios. O projeto, no entanto, foi abandonado desde o final da sua gest\u00e3o. Na \u00e9poca, a prefeitura celebrou um conv\u00eanio de cerca de 7 milh\u00f5es de reais. O governo investiu 5 milh\u00f5es na constru\u00e7\u00e3o das lagoas e na liga\u00e7\u00e3o de boa parte da tubula\u00e7\u00e3o que levaria o esgoto das casas a elas e, ap\u00f3s tratada, da \u00e1gua limpa ao leito do rio. Desde 2007, no entanto, nenhuma interven\u00e7\u00e3o foi feita para concluir a obra.<\/p>\n<p data-raofz=\"16\"><a href=\"https:\/\/www.sudoestehoje.com.br\/novoportal\/wp-content\/uploads\/2019\/08\/TANQUE-3.jpg\"><img loading=\"lazy\" decoding=\"async\" class=\"aligncenter size-medium wp-image-81664\" src=\"https:\/\/www.sudoestehoje.com.br\/novoportal\/wp-content\/uploads\/2019\/08\/TANQUE-3-500x375.jpg\" alt=\"\" width=\"500\" height=\"375\" srcset=\"https:\/\/www.sudoestehoje.com.br\/novoportal\/wp-content\/uploads\/2019\/08\/TANQUE-3-500x375.jpg 500w, https:\/\/www.sudoestehoje.com.br\/novoportal\/wp-content\/uploads\/2019\/08\/TANQUE-3-768x576.jpg 768w, https:\/\/www.sudoestehoje.com.br\/novoportal\/wp-content\/uploads\/2019\/08\/TANQUE-3-700x525.jpg 700w, https:\/\/www.sudoestehoje.com.br\/novoportal\/wp-content\/uploads\/2019\/08\/TANQUE-3.jpg 960w\" sizes=\"auto, (max-width: 500px) 100vw, 500px\" \/><\/a><\/p>\n<p data-raofz=\"16\">Agora, o prefeito Rodrigo Hagge fez uma readequa\u00e7\u00e3o do projeto para utilizar a verba ainda remanescente (cerca de 2 milh\u00f5es) e recuperar parte do projeto. Como ficou muito tempo sem aten\u00e7\u00e3o, as lagoas encontram-se em alto n\u00edvel de degrada\u00e7\u00e3o. Assim, inicialmente, o governo municipal recuperar\u00e1 uma das nove lagoas, preparar\u00e1 uma esta\u00e7\u00e3o elevat\u00f3ria no Quintas do Sul que levar\u00e1 o esgoto para a \u00e1rea recuperada, al\u00e9m de fazer uma expans\u00e3o da rede e instala\u00e7\u00e3o de filtros.<\/p>\n<p data-raofz=\"16\"><a href=\"https:\/\/www.sudoestehoje.com.br\/novoportal\/wp-content\/uploads\/2019\/08\/TANQUE-5.jpg\"><img loading=\"lazy\" decoding=\"async\" class=\"aligncenter size-medium wp-image-81666\" src=\"https:\/\/www.sudoestehoje.com.br\/novoportal\/wp-content\/uploads\/2019\/08\/TANQUE-5-500x333.jpg\" alt=\"\" width=\"500\" height=\"333\" srcset=\"https:\/\/www.sudoestehoje.com.br\/novoportal\/wp-content\/uploads\/2019\/08\/TANQUE-5-500x333.jpg 500w, https:\/\/www.sudoestehoje.com.br\/novoportal\/wp-content\/uploads\/2019\/08\/TANQUE-5-768x512.jpg 768w, https:\/\/www.sudoestehoje.com.br\/novoportal\/wp-content\/uploads\/2019\/08\/TANQUE-5-700x467.jpg 700w, https:\/\/www.sudoestehoje.com.br\/novoportal\/wp-content\/uploads\/2019\/08\/TANQUE-5.jpg 960w\" sizes=\"auto, (max-width: 500px) 100vw, 500px\" \/><\/a><\/p>\n<p data-raofz=\"16\">Durante a visita, o prefeito reafirmou o prop\u00f3sito de resgate do munic\u00edpio. \u201cDesde a campanha, eu venho dizendo que a nossa gest\u00e3o seria de recupera\u00e7\u00e3o: dos projetos, das pra\u00e7as e avenidas, das obras n\u00e3o finalizadas e, principalmente, da auto estima e qualidade de vida da popula\u00e7\u00e3o. Me angustia ver uma obra t\u00e3o grandiosa, t\u00e3o importante para a sa\u00fade e o meio ambiente, deixada de lado. N\u00f3s vamos dar in\u00edcio ao trabalho de recupera\u00e7\u00e3o das lagoas para devolver, mais uma vez, o bem estar \u00e0 popula\u00e7\u00e3o e a qualidade das \u00e1guas ao nosso rio\u201d, garantiu o prefeito. <em>\/\/Ascom Prefeitura<\/em><\/p>\n","protected":false},"excerpt":{"rendered":"<p>O prefeito Rodrigo Hagge esteve na manh\u00e3 desta segunda-feira, 19, junto com secret\u00e1rios e vereadores, visitando as lagoas de decanta\u00e7\u00e3o de esgoto de Itapetinga. Ap\u00f3s o projeto de lei que desafetou terras do munic\u00edpio para permutas, a administra\u00e7\u00e3o conseguiu alojar as fam\u00edlias, antes instaladas irregularmente ali, em outro ambiente no qual ser\u00e1 criada uma horta [&hellip;]<\/p>\n","protected":false},"author":2,"featured_media":81665,"comment_status":"open","ping_status":"open","sticky":false,"template":"","format":"standard","meta":{"footnotes":"","_links_to":"","_links_to_target":""},"categories":[1],"tags":[],"class_list":["post-81659","post","type-post","status-publish","format-standard","has-post-thumbnail","hentry","category-geral"],"views":804,"_links":{"self":[{"href":"https:\/\/www.sudoestehoje.com.br\/novoportal\/wp-json\/wp\/v2\/posts\/81659","targetHints":{"allow":["GET"]}}],"collection":[{"href":"https:\/\/www.sudoestehoje.com.br\/novoportal\/wp-json\/wp\/v2\/posts"}],"about":[{"href":"https:\/\/www.sudoestehoje.com.br\/novoportal\/wp-json\/wp\/v2\/types\/post"}],"author":[{"embeddable":true,"href":"https:\/\/www.sudoestehoje.com.br\/novoportal\/wp-json\/wp\/v2\/users\/2"}],"replies":[{"embeddable":true,"href":"https:\/\/www.sudoestehoje.com.br\/novoportal\/wp-json\/wp\/v2\/comments?post=81659"}],"version-history":[{"count":3,"href":"https:\/\/www.sudoestehoje.com.br\/novoportal\/wp-json\/wp\/v2\/posts\/81659\/revisions"}],"predecessor-version":[{"id":81667,"href":"https:\/\/www.sudoestehoje.com.br\/novoportal\/wp-json\/wp\/v2\/posts\/81659\/revisions\/81667"}],"wp:featuredmedia":[{"embeddable":true,"href":"https:\/\/www.sudoestehoje.com.br\/novoportal\/wp-json\/wp\/v2\/media\/81665"}],"wp:attachment":[{"href":"https:\/\/www.sudoestehoje.com.br\/novoportal\/wp-json\/wp\/v2\/media?parent=81659"}],"wp:term":[{"taxonomy":"category","embeddable":true,"href":"https:\/\/www.sudoestehoje.com.br\/novoportal\/wp-json\/wp\/v2\/categories?post=81659"},{"taxonomy":"post_tag","embeddable":true,"href":"https:\/\/www.sudoestehoje.com.br\/novoportal\/wp-json\/wp\/v2\/tags?post=81659"}],"curies":[{"name":"wp","href":"https:\/\/api.w.org\/{rel}","templated":true}]}}