
{"id":81648,"date":"2019-08-17T14:26:24","date_gmt":"2019-08-17T17:26:24","guid":{"rendered":"https:\/\/www.sudoestehoje.com.br\/novoportal\/?p=81648"},"modified":"2019-08-17T14:26:24","modified_gmt":"2019-08-17T17:26:24","slug":"colisao-entre-carro-e-caminhao-deixa-2-mortos-na-br-116-no-trecho-de-jequie","status":"publish","type":"post","link":"https:\/\/www.sudoestehoje.com.br\/novoportal\/2019\/08\/17\/colisao-entre-carro-e-caminhao-deixa-2-mortos-na-br-116-no-trecho-de-jequie\/","title":{"rendered":"COLIS\u00c3O ENTRE CARRO E CAMINH\u00c3O DEIXA 2 MORTOS NA BR-116, NO TRECHO DE JEQUI\u00c9"},"content":{"rendered":"<p><a href=\"https:\/\/www.sudoestehoje.com.br\/novoportal\/wp-content\/uploads\/2019\/08\/COLIS\u00c3O-M-VITORINO.jpg\"><img loading=\"lazy\" decoding=\"async\" class=\"aligncenter size-medium wp-image-81650\" src=\"https:\/\/www.sudoestehoje.com.br\/novoportal\/wp-content\/uploads\/2019\/08\/COLIS\u00c3O-M-VITORINO-500x333.jpg\" alt=\"\" width=\"500\" height=\"333\" srcset=\"https:\/\/www.sudoestehoje.com.br\/novoportal\/wp-content\/uploads\/2019\/08\/COLIS\u00c3O-M-VITORINO-500x333.jpg 500w, https:\/\/www.sudoestehoje.com.br\/novoportal\/wp-content\/uploads\/2019\/08\/COLIS\u00c3O-M-VITORINO.jpg 600w\" sizes=\"auto, (max-width: 500px) 100vw, 500px\" \/><\/a><\/p>\n<p>Uma colis\u00e3o entre um carro e um caminh\u00e3o, na tarde desta sexta-feira (16), deixou dois mortos na BR-116 no trecho entre Manoel Vitorino e Jequi\u00e9, no Centro Sul Baiano.<\/p>\n<p>De acordo com o Blog do Anderson, o carro tinha quatro ocupantes. Duas pessoas ficaram feridas e foram levadas para o Hospital Geral Prado Valadares, em Jequi\u00e9.<\/p>\n<p>Os corpos foram removidos ao Necrot\u00e9rio do Departamento de Pol\u00edcia T\u00e9cnica em Jequi\u00e9. A Pol\u00edcia Rodovi\u00e1ria Federal e a ViaBahia Concession\u00e1ria de Rodovias registraram a ocorr\u00eancia.<\/p>\n","protected":false},"excerpt":{"rendered":"<p>Uma colis\u00e3o entre um carro e um caminh\u00e3o, na tarde desta sexta-feira (16), deixou dois mortos na BR-116 no trecho entre Manoel Vitorino e Jequi\u00e9, no Centro Sul Baiano. De acordo com o Blog do Anderson, o carro tinha quatro ocupantes. Duas pessoas ficaram feridas e foram levadas para o Hospital Geral Prado Valadares, em [&hellip;]<\/p>\n","protected":false},"author":2,"featured_media":81650,"comment_status":"open","ping_status":"open","sticky":false,"template":"","format":"standard","meta":{"footnotes":"","_links_to":"","_links_to_target":""},"categories":[1],"tags":[],"class_list":["post-81648","post","type-post","status-publish","format-standard","has-post-thumbnail","hentry","category-geral"],"views":669,"_links":{"self":[{"href":"https:\/\/www.sudoestehoje.com.br\/novoportal\/wp-json\/wp\/v2\/posts\/81648","targetHints":{"allow":["GET"]}}],"collection":[{"href":"https:\/\/www.sudoestehoje.com.br\/novoportal\/wp-json\/wp\/v2\/posts"}],"about":[{"href":"https:\/\/www.sudoestehoje.com.br\/novoportal\/wp-json\/wp\/v2\/types\/post"}],"author":[{"embeddable":true,"href":"https:\/\/www.sudoestehoje.com.br\/novoportal\/wp-json\/wp\/v2\/users\/2"}],"replies":[{"embeddable":true,"href":"https:\/\/www.sudoestehoje.com.br\/novoportal\/wp-json\/wp\/v2\/comments?post=81648"}],"version-history":[{"count":2,"href":"https:\/\/www.sudoestehoje.com.br\/novoportal\/wp-json\/wp\/v2\/posts\/81648\/revisions"}],"predecessor-version":[{"id":81651,"href":"https:\/\/www.sudoestehoje.com.br\/novoportal\/wp-json\/wp\/v2\/posts\/81648\/revisions\/81651"}],"wp:featuredmedia":[{"embeddable":true,"href":"https:\/\/www.sudoestehoje.com.br\/novoportal\/wp-json\/wp\/v2\/media\/81650"}],"wp:attachment":[{"href":"https:\/\/www.sudoestehoje.com.br\/novoportal\/wp-json\/wp\/v2\/media?parent=81648"}],"wp:term":[{"taxonomy":"category","embeddable":true,"href":"https:\/\/www.sudoestehoje.com.br\/novoportal\/wp-json\/wp\/v2\/categories?post=81648"},{"taxonomy":"post_tag","embeddable":true,"href":"https:\/\/www.sudoestehoje.com.br\/novoportal\/wp-json\/wp\/v2\/tags?post=81648"}],"curies":[{"name":"wp","href":"https:\/\/api.w.org\/{rel}","templated":true}]}}