
{"id":81644,"date":"2019-08-17T14:13:02","date_gmt":"2019-08-17T17:13:02","guid":{"rendered":"https:\/\/www.sudoestehoje.com.br\/novoportal\/?p=81644"},"modified":"2019-08-17T14:20:27","modified_gmt":"2019-08-17T17:20:27","slug":"video-cilindro-de-gas-explode-em-posto-de-combustiveis-destroi-carro-e-deixa-feridos","status":"publish","type":"post","link":"https:\/\/www.sudoestehoje.com.br\/novoportal\/2019\/08\/17\/video-cilindro-de-gas-explode-em-posto-de-combustiveis-destroi-carro-e-deixa-feridos\/","title":{"rendered":"V\u00cdDEO: CILINDRO DE G\u00c1S EXPLODE EM POSTO DE COMBUST\u00cdVEIS, DESTR\u00d3I CARRO E DEIXA FERIDOS"},"content":{"rendered":"<p><a href=\"https:\/\/www.sudoestehoje.com.br\/novoportal\/wp-content\/uploads\/2019\/08\/CILINDRO-DE-GAS.jpg\"><img loading=\"lazy\" decoding=\"async\" class=\"aligncenter size-medium wp-image-81646\" src=\"https:\/\/www.sudoestehoje.com.br\/novoportal\/wp-content\/uploads\/2019\/08\/CILINDRO-DE-GAS-500x320.jpg\" alt=\"\" width=\"500\" height=\"320\" srcset=\"https:\/\/www.sudoestehoje.com.br\/novoportal\/wp-content\/uploads\/2019\/08\/CILINDRO-DE-GAS-500x320.jpg 500w, https:\/\/www.sudoestehoje.com.br\/novoportal\/wp-content\/uploads\/2019\/08\/CILINDRO-DE-GAS.jpg 700w\" sizes=\"auto, (max-width: 500px) 100vw, 500px\" \/><\/a><\/p>\n<p>A explos\u00e3o de um cilindro de g\u00e1s, em um posto de combust\u00edvel, deixou ao menos tr\u00eas pessoas feridas na noite desta sexta-feira (16) em Campo Grande, Rio de Janeiro. Al\u00e9m dos feridos, tr\u00eas autom\u00f3veis que estavam no local tamb\u00e9m foram atingidos.<\/p>\n<p>Os feridos foram encaminhados por agentes do Corpo de Bombeiros a unidades hospitalares e at\u00e9 o momento n\u00e3o h\u00e1 informa\u00e7\u00e3o sobre os estados de sa\u00fade. Um dos ve\u00edculos atingidos ficou com a parte traseira totalmente destru\u00edda.<\/p>\n<p>A Ra\u00edzen, licenciada da marca Shell no Brasil, afirmou que todas as documenta\u00e7\u00f5es de opera\u00e7\u00e3o do posto est\u00e3o em dia e que mant\u00e9m padr\u00f5es r\u00edgidos de seguran\u00e7a com toda sua revenda. A empresa lamentou o epis\u00f3dio ocorrido e est\u00e1 investigando as causas.\u00a0<strong><em>Confira v\u00eddeo do acidente:<\/em><\/strong><\/p>\n<blockquote class=\"twitter-tweet\" data-width=\"500\" data-dnt=\"true\">\n<p lang=\"pt\" dir=\"ltr\">Pelo menos tr\u00eas pessoas ficaram feridas ap\u00f3s a explos\u00e3o de um cilindro de GNV de um carro que estava sendo abastecido em um posto de combust\u00edvel, na Zona Oeste do Rio. <a href=\"https:\/\/t.co\/z2LW1AoSQ7\">pic.twitter.com\/z2LW1AoSQ7<\/a><\/p>\n<p>&mdash; Ricardo Vasconcelos (@RicardoMGBH) <a href=\"https:\/\/twitter.com\/RicardoMGBH\/status\/1162529183106502657?ref_src=twsrc%5Etfw\">August 17, 2019<\/a><\/p><\/blockquote>\n<p><script async src=\"https:\/\/platform.twitter.com\/widgets.js\" charset=\"utf-8\"><\/script><\/p>\n","protected":false},"excerpt":{"rendered":"<p>A explos\u00e3o de um cilindro de g\u00e1s, em um posto de combust\u00edvel, deixou ao menos tr\u00eas pessoas feridas na noite desta sexta-feira (16) em Campo Grande, Rio de Janeiro. Al\u00e9m dos feridos, tr\u00eas autom\u00f3veis que estavam no local tamb\u00e9m foram atingidos. Os feridos foram encaminhados por agentes do Corpo de Bombeiros a unidades hospitalares e [&hellip;]<\/p>\n","protected":false},"author":2,"featured_media":81646,"comment_status":"open","ping_status":"open","sticky":false,"template":"","format":"standard","meta":{"footnotes":"","_links_to":"","_links_to_target":""},"categories":[1],"tags":[],"class_list":["post-81644","post","type-post","status-publish","format-standard","has-post-thumbnail","hentry","category-geral"],"views":929,"_links":{"self":[{"href":"https:\/\/www.sudoestehoje.com.br\/novoportal\/wp-json\/wp\/v2\/posts\/81644","targetHints":{"allow":["GET"]}}],"collection":[{"href":"https:\/\/www.sudoestehoje.com.br\/novoportal\/wp-json\/wp\/v2\/posts"}],"about":[{"href":"https:\/\/www.sudoestehoje.com.br\/novoportal\/wp-json\/wp\/v2\/types\/post"}],"author":[{"embeddable":true,"href":"https:\/\/www.sudoestehoje.com.br\/novoportal\/wp-json\/wp\/v2\/users\/2"}],"replies":[{"embeddable":true,"href":"https:\/\/www.sudoestehoje.com.br\/novoportal\/wp-json\/wp\/v2\/comments?post=81644"}],"version-history":[{"count":2,"href":"https:\/\/www.sudoestehoje.com.br\/novoportal\/wp-json\/wp\/v2\/posts\/81644\/revisions"}],"predecessor-version":[{"id":81647,"href":"https:\/\/www.sudoestehoje.com.br\/novoportal\/wp-json\/wp\/v2\/posts\/81644\/revisions\/81647"}],"wp:featuredmedia":[{"embeddable":true,"href":"https:\/\/www.sudoestehoje.com.br\/novoportal\/wp-json\/wp\/v2\/media\/81646"}],"wp:attachment":[{"href":"https:\/\/www.sudoestehoje.com.br\/novoportal\/wp-json\/wp\/v2\/media?parent=81644"}],"wp:term":[{"taxonomy":"category","embeddable":true,"href":"https:\/\/www.sudoestehoje.com.br\/novoportal\/wp-json\/wp\/v2\/categories?post=81644"},{"taxonomy":"post_tag","embeddable":true,"href":"https:\/\/www.sudoestehoje.com.br\/novoportal\/wp-json\/wp\/v2\/tags?post=81644"}],"curies":[{"name":"wp","href":"https:\/\/api.w.org\/{rel}","templated":true}]}}