
{"id":81636,"date":"2019-08-16T18:43:57","date_gmt":"2019-08-16T21:43:57","guid":{"rendered":"https:\/\/www.sudoestehoje.com.br\/novoportal\/?p=81636"},"modified":"2019-08-16T18:58:04","modified_gmt":"2019-08-16T21:58:04","slug":"deputado-quer-proibir-cobranca-para-uso-de-banheiros-em-rodoviarias-da-bahia","status":"publish","type":"post","link":"https:\/\/www.sudoestehoje.com.br\/novoportal\/2019\/08\/16\/deputado-quer-proibir-cobranca-para-uso-de-banheiros-em-rodoviarias-da-bahia\/","title":{"rendered":"DEPUTADO QUER PROIBIR COBRAN\u00c7A PARA USO DE BANHEIROS EM RODOVI\u00c1RIAS DA BAHIA"},"content":{"rendered":"<p><a href=\"https:\/\/www.sudoestehoje.com.br\/novoportal\/wp-content\/uploads\/2019\/08\/csm_rodoviaria_salvador_-_arquivo_correio_d76b78a014.jpg\"><img loading=\"lazy\" decoding=\"async\" class=\"aligncenter size-medium wp-image-81640\" src=\"https:\/\/www.sudoestehoje.com.br\/novoportal\/wp-content\/uploads\/2019\/08\/csm_rodoviaria_salvador_-_arquivo_correio_d76b78a014-500x334.jpg\" alt=\"\" width=\"500\" height=\"334\" srcset=\"https:\/\/www.sudoestehoje.com.br\/novoportal\/wp-content\/uploads\/2019\/08\/csm_rodoviaria_salvador_-_arquivo_correio_d76b78a014-500x334.jpg 500w, https:\/\/www.sudoestehoje.com.br\/novoportal\/wp-content\/uploads\/2019\/08\/csm_rodoviaria_salvador_-_arquivo_correio_d76b78a014-700x467.jpg 700w, https:\/\/www.sudoestehoje.com.br\/novoportal\/wp-content\/uploads\/2019\/08\/csm_rodoviaria_salvador_-_arquivo_correio_d76b78a014.jpg 730w\" sizes=\"auto, (max-width: 500px) 100vw, 500px\" \/><\/a><\/p>\n<p>O deputado estadual Aderbal Caldas (PP) apresentou um projeto de lei na Assembleia Legislativa da Bahia (Alba) que institui uma norma proibindo a cobran\u00e7a da tarifa para uso de sanit\u00e1rios nas rodovi\u00e1rias e terminais de \u00f4nibus no estado aos passageiros que adquiriram o bilhete de viagem.<\/p>\n<p>O parlamentar justificou o projeto afirmando que \u201cmuitos s\u00e3o os estados e munic\u00edpios brasileiros que possuem legisla\u00e7\u00e3o proibindo a cobran\u00e7a de tarifas para uso de sanit\u00e1rios nas rodovi\u00e1rias por passageiros que adquiriram bilhetes de viagem.\u201d<\/p>\n<p>Ele citou como exemplos o estado de S\u00e3o Paulo e a cidade de Porto Alegre (RS) que pro\u00edbem a cobran\u00e7a em quest\u00e3o.<\/p>\n<p>\u201cVale ressaltar que as rodovi\u00e1rias representam um setor altamente lucrativo e, sem d\u00favida, disp\u00f5em de recursos necess\u00e1rios para atender a simples exig\u00eancia disposta nesta proposi\u00e7\u00e3o\u201d, ressaltou o deputado.<\/p>\n<p>Ainda de acordo com o projeto, a empresa que n\u00e3o cumprir a lei, dever\u00e1 pagar uma multa di\u00e1ria no valor de R$ 2 mil. As rodovi\u00e1rias e terminais de \u00f4nibus ter\u00e3o o prazo de 90 dias, contados da data de publica\u00e7\u00e3o da lei para obedecer \u00e0s suas disposi\u00e7\u00f5es.<\/p>\n","protected":false},"excerpt":{"rendered":"<p>O deputado estadual Aderbal Caldas (PP) apresentou um projeto de lei na Assembleia Legislativa da Bahia (Alba) que institui uma norma proibindo a cobran\u00e7a da tarifa para uso de sanit\u00e1rios nas rodovi\u00e1rias e terminais de \u00f4nibus no estado aos passageiros que adquiriram o bilhete de viagem. O parlamentar justificou o projeto afirmando que \u201cmuitos s\u00e3o [&hellip;]<\/p>\n","protected":false},"author":2,"featured_media":81640,"comment_status":"open","ping_status":"open","sticky":false,"template":"","format":"standard","meta":{"footnotes":"","_links_to":"","_links_to_target":""},"categories":[1],"tags":[],"class_list":["post-81636","post","type-post","status-publish","format-standard","has-post-thumbnail","hentry","category-geral"],"views":763,"_links":{"self":[{"href":"https:\/\/www.sudoestehoje.com.br\/novoportal\/wp-json\/wp\/v2\/posts\/81636","targetHints":{"allow":["GET"]}}],"collection":[{"href":"https:\/\/www.sudoestehoje.com.br\/novoportal\/wp-json\/wp\/v2\/posts"}],"about":[{"href":"https:\/\/www.sudoestehoje.com.br\/novoportal\/wp-json\/wp\/v2\/types\/post"}],"author":[{"embeddable":true,"href":"https:\/\/www.sudoestehoje.com.br\/novoportal\/wp-json\/wp\/v2\/users\/2"}],"replies":[{"embeddable":true,"href":"https:\/\/www.sudoestehoje.com.br\/novoportal\/wp-json\/wp\/v2\/comments?post=81636"}],"version-history":[{"count":3,"href":"https:\/\/www.sudoestehoje.com.br\/novoportal\/wp-json\/wp\/v2\/posts\/81636\/revisions"}],"predecessor-version":[{"id":81641,"href":"https:\/\/www.sudoestehoje.com.br\/novoportal\/wp-json\/wp\/v2\/posts\/81636\/revisions\/81641"}],"wp:featuredmedia":[{"embeddable":true,"href":"https:\/\/www.sudoestehoje.com.br\/novoportal\/wp-json\/wp\/v2\/media\/81640"}],"wp:attachment":[{"href":"https:\/\/www.sudoestehoje.com.br\/novoportal\/wp-json\/wp\/v2\/media?parent=81636"}],"wp:term":[{"taxonomy":"category","embeddable":true,"href":"https:\/\/www.sudoestehoje.com.br\/novoportal\/wp-json\/wp\/v2\/categories?post=81636"},{"taxonomy":"post_tag","embeddable":true,"href":"https:\/\/www.sudoestehoje.com.br\/novoportal\/wp-json\/wp\/v2\/tags?post=81636"}],"curies":[{"name":"wp","href":"https:\/\/api.w.org\/{rel}","templated":true}]}}