
{"id":81610,"date":"2019-08-15T18:37:28","date_gmt":"2019-08-15T21:37:28","guid":{"rendered":"https:\/\/www.sudoestehoje.com.br\/novoportal\/?p=81610"},"modified":"2019-08-15T18:46:51","modified_gmt":"2019-08-15T21:46:51","slug":"representante-do-cartorio-eleitoral-alerta-para-prazo-de-cadastramento-biometrico","status":"publish","type":"post","link":"https:\/\/www.sudoestehoje.com.br\/novoportal\/2019\/08\/15\/representante-do-cartorio-eleitoral-alerta-para-prazo-de-cadastramento-biometrico\/","title":{"rendered":"REPRESENTANTE DO CART\u00d3RIO ELEITORAL ALERTA PARA PRAZO DE CADASTRAMENTO BIOM\u00c9TRICO"},"content":{"rendered":"<p><a href=\"https:\/\/www.sudoestehoje.com.br\/novoportal\/wp-content\/uploads\/2019\/08\/CAD-BIO-1.jpg\"><img loading=\"lazy\" decoding=\"async\" class=\"aligncenter size-medium wp-image-81613\" src=\"https:\/\/www.sudoestehoje.com.br\/novoportal\/wp-content\/uploads\/2019\/08\/CAD-BIO-1-500x375.jpg\" alt=\"\" width=\"500\" height=\"375\" srcset=\"https:\/\/www.sudoestehoje.com.br\/novoportal\/wp-content\/uploads\/2019\/08\/CAD-BIO-1-500x375.jpg 500w, https:\/\/www.sudoestehoje.com.br\/novoportal\/wp-content\/uploads\/2019\/08\/CAD-BIO-1-768x576.jpg 768w, https:\/\/www.sudoestehoje.com.br\/novoportal\/wp-content\/uploads\/2019\/08\/CAD-BIO-1-700x525.jpg 700w, https:\/\/www.sudoestehoje.com.br\/novoportal\/wp-content\/uploads\/2019\/08\/CAD-BIO-1.jpg 960w\" sizes=\"auto, (max-width: 500px) 100vw, 500px\" \/><\/a><\/p>\n<p>Na sess\u00e3o ordin\u00e1ria dessa quarta-feira (14), Fredson Barreto, chefe do cart\u00f3rio do F\u00f3rum Eleitoral de Itapetinga, a convite da presidenta Naara Duarte, usou a Tribuna Popular da C\u00e2mara de Vereadores de Itapetinga, para chamar a aten\u00e7\u00e3o da popula\u00e7\u00e3o a respeito da import\u00e2ncia do cadastramento biom\u00e9trico, realizado pelo Tribunal Regional Eleitoral da Bahia (TRE-BA).<\/p>\n<p>O cadastramento \u00e9 obrigat\u00f3rio e implica no cancelamento do t\u00edtulo daqueles eleitores que n\u00e3o comparecerem. Entre os transtornos para quem tiver o t\u00edtulo de eleitor cancelado est\u00e3o restri\u00e7\u00f5es no CPF, que podem acarretar em dificuldades para realizar cadastro em benef\u00edcios federais, como o Programa Bolsa Fam\u00edlia.<\/p>\n<p>Vale salientar que quem n\u00e3o se cadastrar ter\u00e1 o t\u00edtulo de eleitor cancelado e ser\u00e1 impedido de tirar passaporte, receber aposentadoria ou pens\u00e3o paga pelo governo federal, fazer matr\u00edcula em institui\u00e7\u00e3o de ensino superior, tomar posse em cargo p\u00fablico, al\u00e9m de outros impedimentos.<\/p>\n<p><a href=\"https:\/\/www.sudoestehoje.com.br\/novoportal\/wp-content\/uploads\/2019\/08\/CAD-BIOMETRICO.jpg\"><img loading=\"lazy\" decoding=\"async\" class=\"aligncenter size-medium wp-image-81614\" src=\"https:\/\/www.sudoestehoje.com.br\/novoportal\/wp-content\/uploads\/2019\/08\/CAD-BIOMETRICO-500x280.jpg\" alt=\"\" width=\"500\" height=\"280\" srcset=\"https:\/\/www.sudoestehoje.com.br\/novoportal\/wp-content\/uploads\/2019\/08\/CAD-BIOMETRICO-500x280.jpg 500w, https:\/\/www.sudoestehoje.com.br\/novoportal\/wp-content\/uploads\/2019\/08\/CAD-BIOMETRICO-768x430.jpg 768w, https:\/\/www.sudoestehoje.com.br\/novoportal\/wp-content\/uploads\/2019\/08\/CAD-BIOMETRICO-700x392.jpg 700w, https:\/\/www.sudoestehoje.com.br\/novoportal\/wp-content\/uploads\/2019\/08\/CAD-BIOMETRICO.jpg 960w\" sizes=\"auto, (max-width: 500px) 100vw, 500px\" \/><\/a><\/p>\n<p>Estima-se que Itapetinga tenha hoje mais de 46 mil eleitores, dos quais mais de 29 mil j\u00e1 fizeram o cadastramento. Esses eleitores que j\u00e1 fizeram o cadastramento n\u00e3o precisam voltar ao cart\u00f3rio nesta nova etapa.<\/p>\n<p>Em Itapetinga, o cart\u00f3rio atende de segunda a quinta-feira, das 8h \u00e0s 18 horas, e nas sextas-feiras, das 8h \u00e0s 14 horas. O atendimento \u00e9 realizado com hora marcada, sem filas. Para isso, o eleitor deve fazer o agendamento por meio da internet (agendamento.tre-ba.jus.br) ou do telefone 0800.071.6505.<\/p>\n","protected":false},"excerpt":{"rendered":"<p>Na sess\u00e3o ordin\u00e1ria dessa quarta-feira (14), Fredson Barreto, chefe do cart\u00f3rio do F\u00f3rum Eleitoral de Itapetinga, a convite da presidenta Naara Duarte, usou a Tribuna Popular da C\u00e2mara de Vereadores de Itapetinga, para chamar a aten\u00e7\u00e3o da popula\u00e7\u00e3o a respeito da import\u00e2ncia do cadastramento biom\u00e9trico, realizado pelo Tribunal Regional Eleitoral da Bahia (TRE-BA). O cadastramento [&hellip;]<\/p>\n","protected":false},"author":2,"featured_media":81613,"comment_status":"open","ping_status":"open","sticky":false,"template":"","format":"standard","meta":{"footnotes":"","_links_to":"","_links_to_target":""},"categories":[1],"tags":[],"class_list":["post-81610","post","type-post","status-publish","format-standard","has-post-thumbnail","hentry","category-geral"],"views":716,"_links":{"self":[{"href":"https:\/\/www.sudoestehoje.com.br\/novoportal\/wp-json\/wp\/v2\/posts\/81610","targetHints":{"allow":["GET"]}}],"collection":[{"href":"https:\/\/www.sudoestehoje.com.br\/novoportal\/wp-json\/wp\/v2\/posts"}],"about":[{"href":"https:\/\/www.sudoestehoje.com.br\/novoportal\/wp-json\/wp\/v2\/types\/post"}],"author":[{"embeddable":true,"href":"https:\/\/www.sudoestehoje.com.br\/novoportal\/wp-json\/wp\/v2\/users\/2"}],"replies":[{"embeddable":true,"href":"https:\/\/www.sudoestehoje.com.br\/novoportal\/wp-json\/wp\/v2\/comments?post=81610"}],"version-history":[{"count":4,"href":"https:\/\/www.sudoestehoje.com.br\/novoportal\/wp-json\/wp\/v2\/posts\/81610\/revisions"}],"predecessor-version":[{"id":81616,"href":"https:\/\/www.sudoestehoje.com.br\/novoportal\/wp-json\/wp\/v2\/posts\/81610\/revisions\/81616"}],"wp:featuredmedia":[{"embeddable":true,"href":"https:\/\/www.sudoestehoje.com.br\/novoportal\/wp-json\/wp\/v2\/media\/81613"}],"wp:attachment":[{"href":"https:\/\/www.sudoestehoje.com.br\/novoportal\/wp-json\/wp\/v2\/media?parent=81610"}],"wp:term":[{"taxonomy":"category","embeddable":true,"href":"https:\/\/www.sudoestehoje.com.br\/novoportal\/wp-json\/wp\/v2\/categories?post=81610"},{"taxonomy":"post_tag","embeddable":true,"href":"https:\/\/www.sudoestehoje.com.br\/novoportal\/wp-json\/wp\/v2\/tags?post=81610"}],"curies":[{"name":"wp","href":"https:\/\/api.w.org\/{rel}","templated":true}]}}