
{"id":81603,"date":"2019-08-15T10:34:43","date_gmt":"2019-08-15T13:34:43","guid":{"rendered":"https:\/\/www.sudoestehoje.com.br\/novoportal\/?p=81603"},"modified":"2019-08-15T18:49:47","modified_gmt":"2019-08-15T21:49:47","slug":"bolsonaro-manda-suspender-uso-de-radares-nas-rodovias-federais","status":"publish","type":"post","link":"https:\/\/www.sudoestehoje.com.br\/novoportal\/2019\/08\/15\/bolsonaro-manda-suspender-uso-de-radares-nas-rodovias-federais\/","title":{"rendered":"BOLSONARO MANDA SUSPENDER USO DE RADARES NAS RODOVIAS FEDERAIS"},"content":{"rendered":"<p><a href=\"https:\/\/www.sudoestehoje.com.br\/novoportal\/wp-content\/uploads\/2019\/08\/radar-1068x712.jpg\"><img loading=\"lazy\" decoding=\"async\" class=\"aligncenter size-medium wp-image-81604\" src=\"https:\/\/www.sudoestehoje.com.br\/novoportal\/wp-content\/uploads\/2019\/08\/radar-1068x712-500x333.jpg\" alt=\"\" width=\"500\" height=\"333\" srcset=\"https:\/\/www.sudoestehoje.com.br\/novoportal\/wp-content\/uploads\/2019\/08\/radar-1068x712-500x333.jpg 500w, https:\/\/www.sudoestehoje.com.br\/novoportal\/wp-content\/uploads\/2019\/08\/radar-1068x712-768x512.jpg 768w, https:\/\/www.sudoestehoje.com.br\/novoportal\/wp-content\/uploads\/2019\/08\/radar-1068x712-700x467.jpg 700w, https:\/\/www.sudoestehoje.com.br\/novoportal\/wp-content\/uploads\/2019\/08\/radar-1068x712.jpg 1068w\" sizes=\"auto, (max-width: 500px) 100vw, 500px\" \/><\/a><\/p>\n<p>O Presidente da Rep\u00fablica, Jair Bolsonaro, determinou ao Minist\u00e9rio da Justi\u00e7a e Seguran\u00e7a P\u00fablica, por meio de despachos publicados hoje (15) no <a href=\"http:\/\/www.in.gov.br\/web\/dou\/-\/despachos-do-presidente-da-republica-210740855\" target=\"_blank\" rel=\"noreferrer noopener\"><em>Di\u00e1rio Oficial da Uni\u00e3o<\/em><\/a>, que suspenda o uso de radares fixos, m\u00f3veis e port\u00e1teis at\u00e9 que o Minist\u00e9rio da Infraestrutura \u201cconclua a reavalia\u00e7\u00e3o da regulamenta\u00e7\u00e3o dos procedimentos de fiscaliza\u00e7\u00e3o eletr\u00f4nica de velocidade em vias p\u00fablicas\u201d.<\/p>\n<p>De acordo com o documento, a medida tem por objetivo <em>\u201cevitar o desvirtuamento do car\u00e1ter pedag\u00f3gico e a utiliza\u00e7\u00e3o meramente arrecadat\u00f3ria dos instrumentos e equipamentos medidores de velocidade\u201d.<\/em><\/p>\n<p>O despacho do presidente pede tamb\u00e9m que o minist\u00e9rio \u201cproceda \u00e0 revis\u00e3o dos atos normativos internos que disp\u00f5em sobre a atividade de fiscaliza\u00e7\u00e3o eletr\u00f4nica de velocidade em rodovias e estradas federais pela Pol\u00edcia Rodovi\u00e1ria Federal. (<a href=\"http:\/\/agenciabrasil.ebc.com.br\/geral\/noticia\/2019-08\/bolsonaro-manda-suspender-uso-de-radares-nas-rodovias-federais\">Ag\u00eancia Brasil)<\/a><\/p>\n","protected":false},"excerpt":{"rendered":"<p>O Presidente da Rep\u00fablica, Jair Bolsonaro, determinou ao Minist\u00e9rio da Justi\u00e7a e Seguran\u00e7a P\u00fablica, por meio de despachos publicados hoje (15) no Di\u00e1rio Oficial da Uni\u00e3o, que suspenda o uso de radares fixos, m\u00f3veis e port\u00e1teis at\u00e9 que o Minist\u00e9rio da Infraestrutura \u201cconclua a reavalia\u00e7\u00e3o da regulamenta\u00e7\u00e3o dos procedimentos de fiscaliza\u00e7\u00e3o eletr\u00f4nica de velocidade em [&hellip;]<\/p>\n","protected":false},"author":2,"featured_media":81604,"comment_status":"open","ping_status":"open","sticky":false,"template":"","format":"standard","meta":{"footnotes":"","_links_to":"","_links_to_target":""},"categories":[1],"tags":[],"class_list":["post-81603","post","type-post","status-publish","format-standard","has-post-thumbnail","hentry","category-geral"],"views":784,"_links":{"self":[{"href":"https:\/\/www.sudoestehoje.com.br\/novoportal\/wp-json\/wp\/v2\/posts\/81603","targetHints":{"allow":["GET"]}}],"collection":[{"href":"https:\/\/www.sudoestehoje.com.br\/novoportal\/wp-json\/wp\/v2\/posts"}],"about":[{"href":"https:\/\/www.sudoestehoje.com.br\/novoportal\/wp-json\/wp\/v2\/types\/post"}],"author":[{"embeddable":true,"href":"https:\/\/www.sudoestehoje.com.br\/novoportal\/wp-json\/wp\/v2\/users\/2"}],"replies":[{"embeddable":true,"href":"https:\/\/www.sudoestehoje.com.br\/novoportal\/wp-json\/wp\/v2\/comments?post=81603"}],"version-history":[{"count":1,"href":"https:\/\/www.sudoestehoje.com.br\/novoportal\/wp-json\/wp\/v2\/posts\/81603\/revisions"}],"predecessor-version":[{"id":81605,"href":"https:\/\/www.sudoestehoje.com.br\/novoportal\/wp-json\/wp\/v2\/posts\/81603\/revisions\/81605"}],"wp:featuredmedia":[{"embeddable":true,"href":"https:\/\/www.sudoestehoje.com.br\/novoportal\/wp-json\/wp\/v2\/media\/81604"}],"wp:attachment":[{"href":"https:\/\/www.sudoestehoje.com.br\/novoportal\/wp-json\/wp\/v2\/media?parent=81603"}],"wp:term":[{"taxonomy":"category","embeddable":true,"href":"https:\/\/www.sudoestehoje.com.br\/novoportal\/wp-json\/wp\/v2\/categories?post=81603"},{"taxonomy":"post_tag","embeddable":true,"href":"https:\/\/www.sudoestehoje.com.br\/novoportal\/wp-json\/wp\/v2\/tags?post=81603"}],"curies":[{"name":"wp","href":"https:\/\/api.w.org\/{rel}","templated":true}]}}