
{"id":81591,"date":"2019-08-15T09:48:50","date_gmt":"2019-08-15T12:48:50","guid":{"rendered":"https:\/\/www.sudoestehoje.com.br\/novoportal\/?p=81591"},"modified":"2019-08-15T09:54:13","modified_gmt":"2019-08-15T12:54:13","slug":"macarani-prefeito-miller-ferraz-e-comitiva-tem-agenda-positiva-em-salvador","status":"publish","type":"post","link":"https:\/\/www.sudoestehoje.com.br\/novoportal\/2019\/08\/15\/macarani-prefeito-miller-ferraz-e-comitiva-tem-agenda-positiva-em-salvador\/","title":{"rendered":"MACARANI: PREFEITO MILLER FERRAZ E COMITIVA T\u00caM AGENDA POSITIVA EM SALVADOR"},"content":{"rendered":"<p><a href=\"https:\/\/www.sudoestehoje.com.br\/novoportal\/wp-content\/uploads\/2019\/08\/mil-1.jpg\"><img loading=\"lazy\" decoding=\"async\" class=\"aligncenter size-medium wp-image-81592\" src=\"https:\/\/www.sudoestehoje.com.br\/novoportal\/wp-content\/uploads\/2019\/08\/mil-1-500x292.jpg\" alt=\"\" width=\"500\" height=\"292\" srcset=\"https:\/\/www.sudoestehoje.com.br\/novoportal\/wp-content\/uploads\/2019\/08\/mil-1-500x292.jpg 500w, https:\/\/www.sudoestehoje.com.br\/novoportal\/wp-content\/uploads\/2019\/08\/mil-1-768x449.jpg 768w, https:\/\/www.sudoestehoje.com.br\/novoportal\/wp-content\/uploads\/2019\/08\/mil-1-700x409.jpg 700w, https:\/\/www.sudoestehoje.com.br\/novoportal\/wp-content\/uploads\/2019\/08\/mil-1.jpg 960w\" sizes=\"auto, (max-width: 500px) 100vw, 500px\" \/><\/a><\/p>\n<p>Ao lado dos vereadores Jorge Motos, Andr\u00e9 Ferraz, do secret\u00e1rio de rela\u00e7\u00f5es institucionais Berg Nascimento, o prefeito Miller Ferraz esteve mais uma vez em Salvador, acompanhado do Deputado Estadual F\u00e1bricio Falc\u00e3o, em busca de melhorias para o munic\u00edpio, A agenda foi extensa e extremamente positiva.<\/p>\n<p>No Departamento de Tr\u00e2nsito da Bahia (Detran), Miller e Fabr\u00edcio solicitaram uma nova sinaliza\u00e7\u00e3o para tr\u00e2nsito da cidade, visando melhorar a mobilidade urbana de Macarani.<\/p>\n<p><a href=\"https:\/\/www.sudoestehoje.com.br\/novoportal\/wp-content\/uploads\/2019\/08\/mil-2.jpg\"><img loading=\"lazy\" decoding=\"async\" class=\"aligncenter size-medium wp-image-81593\" src=\"https:\/\/www.sudoestehoje.com.br\/novoportal\/wp-content\/uploads\/2019\/08\/mil-2-500x265.jpg\" alt=\"\" width=\"500\" height=\"265\" srcset=\"https:\/\/www.sudoestehoje.com.br\/novoportal\/wp-content\/uploads\/2019\/08\/mil-2-500x265.jpg 500w, https:\/\/www.sudoestehoje.com.br\/novoportal\/wp-content\/uploads\/2019\/08\/mil-2-768x407.jpg 768w, https:\/\/www.sudoestehoje.com.br\/novoportal\/wp-content\/uploads\/2019\/08\/mil-2-700x371.jpg 700w, https:\/\/www.sudoestehoje.com.br\/novoportal\/wp-content\/uploads\/2019\/08\/mil-2.jpg 960w\" sizes=\"auto, (max-width: 500px) 100vw, 500px\" \/><\/a><\/p>\n<p>O prefeito participou tamb\u00e9m de uma reuni\u00e3o na Secretaria de Desenvolvimento Urbano da Bahia, com o secret\u00e1rio da Sedur, S\u00e9rgio Brito, para solicitar a pavimenta\u00e7\u00e3o asf\u00e1ltica de diversas ruas do munic\u00edpio.<br \/>\nTamb\u00e9m estiveram presentes os vereadores e um dos secret\u00e1rios municipais da cidade. Foi um encontro bastante produtivo.<\/p>\n<p>Miller este ainda CAR (Companhia de Desenvolvimento e A\u00e7\u00e3o Regional), onde cobrou um recurso que o munic\u00edpio tem direito e que j\u00e1 deveria ter sido liberado, para a reforma do mercado de carnes municipal.<\/p>\n<p><a href=\"https:\/\/www.sudoestehoje.com.br\/novoportal\/wp-content\/uploads\/2019\/08\/mil-3.jpg\"><img loading=\"lazy\" decoding=\"async\" class=\"aligncenter size-medium wp-image-81594\" src=\"https:\/\/www.sudoestehoje.com.br\/novoportal\/wp-content\/uploads\/2019\/08\/mil-3-500x375.jpg\" alt=\"\" width=\"500\" height=\"375\" srcset=\"https:\/\/www.sudoestehoje.com.br\/novoportal\/wp-content\/uploads\/2019\/08\/mil-3-500x375.jpg 500w, https:\/\/www.sudoestehoje.com.br\/novoportal\/wp-content\/uploads\/2019\/08\/mil-3-768x576.jpg 768w, https:\/\/www.sudoestehoje.com.br\/novoportal\/wp-content\/uploads\/2019\/08\/mil-3-700x525.jpg 700w, https:\/\/www.sudoestehoje.com.br\/novoportal\/wp-content\/uploads\/2019\/08\/mil-3.jpg 960w\" sizes=\"auto, (max-width: 500px) 100vw, 500px\" \/><\/a><\/p>\n<p>Depois de uma reuni\u00e3o, o prefeito conseguiu agendar uma visita dos engenheiros do CAR, que estar\u00e3o em Macarani no pr\u00f3ximo dia 26 de agosto, para realizar fazer o levantamento do velho mercado e iniciar as obras de recupera\u00e7\u00e3o.<\/p>\n<p>Com a posse do prefeito Miller em 2017, o munic\u00edpio de Macarani passou a fazer parte do Cons\u00f3rcio de Desenvolvimento Sustent\u00e1vel do M\u00e9dio Sudoeste, que disp\u00f5e de recursos federais para o desenvolvimento urbano.<\/p>\n<p><a href=\"https:\/\/www.sudoestehoje.com.br\/novoportal\/wp-content\/uploads\/2019\/08\/mil-5.jpg\"><img loading=\"lazy\" decoding=\"async\" class=\"aligncenter size-medium wp-image-81596\" src=\"https:\/\/www.sudoestehoje.com.br\/novoportal\/wp-content\/uploads\/2019\/08\/mil-5-500x375.jpg\" alt=\"\" width=\"500\" height=\"375\" srcset=\"https:\/\/www.sudoestehoje.com.br\/novoportal\/wp-content\/uploads\/2019\/08\/mil-5-500x375.jpg 500w, https:\/\/www.sudoestehoje.com.br\/novoportal\/wp-content\/uploads\/2019\/08\/mil-5-768x576.jpg 768w, https:\/\/www.sudoestehoje.com.br\/novoportal\/wp-content\/uploads\/2019\/08\/mil-5-700x525.jpg 700w, https:\/\/www.sudoestehoje.com.br\/novoportal\/wp-content\/uploads\/2019\/08\/mil-5.jpg 960w\" sizes=\"auto, (max-width: 500px) 100vw, 500px\" \/><\/a><\/p>\n<p>Fechando a agenda o Prefeito tamb\u00e9m visitou a Sesab (Secretaria de Sa\u00fade), a Car (Companhia de desenvolvimento e a\u00e7\u00e3o regional \u00e9 Secretaria de agricultura. <em>\/\/Ascom Macarani<\/em><\/p>\n\n\t\t<style type=\"text\/css\">\n\t\t\t#gallery-1 {\n\t\t\t\tmargin: auto;\n\t\t\t}\n\t\t\t#gallery-1 .gallery-item {\n\t\t\t\tfloat: left;\n\t\t\t\tmargin-top: 10px;\n\t\t\t\ttext-align: center;\n\t\t\t\twidth: 33%;\n\t\t\t}\n\t\t\t#gallery-1 img {\n\t\t\t\tborder: 2px solid #cfcfcf;\n\t\t\t}\n\t\t\t#gallery-1 .gallery-caption {\n\t\t\t\tmargin-left: 0;\n\t\t\t}\n\t\t\t\/* see gallery_shortcode() in wp-includes\/media.php *\/\n\t\t<\/style>\n\t\t<div id='gallery-1' class='gallery galleryid-81591 gallery-columns-3 gallery-size-thumbnail'><dl class='gallery-item'>\n\t\t\t<dt class='gallery-icon landscape'>\n\t\t\t\t<a href='https:\/\/www.sudoestehoje.com.br\/novoportal\/2019\/08\/15\/macarani-prefeito-miller-ferraz-e-comitiva-tem-agenda-positiva-em-salvador\/mil-4\/'><img loading=\"lazy\" decoding=\"async\" width=\"150\" height=\"150\" src=\"https:\/\/www.sudoestehoje.com.br\/novoportal\/wp-content\/uploads\/2019\/08\/mil-4-150x150.jpg\" class=\"attachment-thumbnail size-thumbnail\" alt=\"\" \/><\/a>\n\t\t\t<\/dt><\/dl><dl class='gallery-item'>\n\t\t\t<dt class='gallery-icon landscape'>\n\t\t\t\t<a href='https:\/\/www.sudoestehoje.com.br\/novoportal\/2019\/08\/15\/macarani-prefeito-miller-ferraz-e-comitiva-tem-agenda-positiva-em-salvador\/mil-8\/'><img loading=\"lazy\" decoding=\"async\" width=\"150\" height=\"150\" src=\"https:\/\/www.sudoestehoje.com.br\/novoportal\/wp-content\/uploads\/2019\/08\/mil-8-150x150.jpg\" class=\"attachment-thumbnail size-thumbnail\" alt=\"\" \/><\/a>\n\t\t\t<\/dt><\/dl><dl class='gallery-item'>\n\t\t\t<dt class='gallery-icon landscape'>\n\t\t\t\t<a href='https:\/\/www.sudoestehoje.com.br\/novoportal\/2019\/08\/15\/macarani-prefeito-miller-ferraz-e-comitiva-tem-agenda-positiva-em-salvador\/mil-7\/'><img loading=\"lazy\" decoding=\"async\" width=\"150\" height=\"150\" src=\"https:\/\/www.sudoestehoje.com.br\/novoportal\/wp-content\/uploads\/2019\/08\/mil-7-150x150.jpg\" class=\"attachment-thumbnail size-thumbnail\" alt=\"\" \/><\/a>\n\t\t\t<\/dt><\/dl><br style=\"clear: both\" \/>\n\t\t<\/div>\n\n","protected":false},"excerpt":{"rendered":"<p>Ao lado dos vereadores Jorge Motos, Andr\u00e9 Ferraz, do secret\u00e1rio de rela\u00e7\u00f5es institucionais Berg Nascimento, o prefeito Miller Ferraz esteve mais uma vez em Salvador, acompanhado do Deputado Estadual F\u00e1bricio Falc\u00e3o, em busca de melhorias para o munic\u00edpio, A agenda foi extensa e extremamente positiva. No Departamento de Tr\u00e2nsito da Bahia (Detran), Miller e Fabr\u00edcio [&hellip;]<\/p>\n","protected":false},"author":2,"featured_media":81592,"comment_status":"open","ping_status":"open","sticky":false,"template":"","format":"standard","meta":{"footnotes":"","_links_to":"","_links_to_target":""},"categories":[1],"tags":[],"class_list":["post-81591","post","type-post","status-publish","format-standard","has-post-thumbnail","hentry","category-geral"],"views":739,"_links":{"self":[{"href":"https:\/\/www.sudoestehoje.com.br\/novoportal\/wp-json\/wp\/v2\/posts\/81591","targetHints":{"allow":["GET"]}}],"collection":[{"href":"https:\/\/www.sudoestehoje.com.br\/novoportal\/wp-json\/wp\/v2\/posts"}],"about":[{"href":"https:\/\/www.sudoestehoje.com.br\/novoportal\/wp-json\/wp\/v2\/types\/post"}],"author":[{"embeddable":true,"href":"https:\/\/www.sudoestehoje.com.br\/novoportal\/wp-json\/wp\/v2\/users\/2"}],"replies":[{"embeddable":true,"href":"https:\/\/www.sudoestehoje.com.br\/novoportal\/wp-json\/wp\/v2\/comments?post=81591"}],"version-history":[{"count":3,"href":"https:\/\/www.sudoestehoje.com.br\/novoportal\/wp-json\/wp\/v2\/posts\/81591\/revisions"}],"predecessor-version":[{"id":81602,"href":"https:\/\/www.sudoestehoje.com.br\/novoportal\/wp-json\/wp\/v2\/posts\/81591\/revisions\/81602"}],"wp:featuredmedia":[{"embeddable":true,"href":"https:\/\/www.sudoestehoje.com.br\/novoportal\/wp-json\/wp\/v2\/media\/81592"}],"wp:attachment":[{"href":"https:\/\/www.sudoestehoje.com.br\/novoportal\/wp-json\/wp\/v2\/media?parent=81591"}],"wp:term":[{"taxonomy":"category","embeddable":true,"href":"https:\/\/www.sudoestehoje.com.br\/novoportal\/wp-json\/wp\/v2\/categories?post=81591"},{"taxonomy":"post_tag","embeddable":true,"href":"https:\/\/www.sudoestehoje.com.br\/novoportal\/wp-json\/wp\/v2\/tags?post=81591"}],"curies":[{"name":"wp","href":"https:\/\/api.w.org\/{rel}","templated":true}]}}