
{"id":81581,"date":"2019-08-14T20:36:35","date_gmt":"2019-08-14T23:36:35","guid":{"rendered":"https:\/\/www.sudoestehoje.com.br\/novoportal\/?p=81581"},"modified":"2019-08-14T20:43:29","modified_gmt":"2019-08-14T23:43:29","slug":"renan-pereira-confirma-nova-composicao-do-dem-em-itapetinga","status":"publish","type":"post","link":"https:\/\/www.sudoestehoje.com.br\/novoportal\/2019\/08\/14\/renan-pereira-confirma-nova-composicao-do-dem-em-itapetinga\/","title":{"rendered":"RENAN PEREIRA CONFIRMA NOVA COMPOSI\u00c7\u00c3O DO DEM EM ITAPETINGA"},"content":{"rendered":"<p><strong>EM BRAS\u00cdLIA, ACM NETO E OS DEPUTADOS PAULO AZY E ARTHUR MAIA HOMOLOGARAM NOVO DIRET\u00d3RIO DO DEM EM ITAPETINGA.<\/strong><\/p>\n<p><a href=\"https:\/\/www.sudoestehoje.com.br\/novoportal\/wp-content\/uploads\/2019\/08\/renan-brasilia-1.jpg\"><img loading=\"lazy\" decoding=\"async\" class=\"aligncenter size-medium wp-image-81584\" src=\"https:\/\/www.sudoestehoje.com.br\/novoportal\/wp-content\/uploads\/2019\/08\/renan-brasilia-1-500x333.jpg\" alt=\"\" width=\"500\" height=\"333\" srcset=\"https:\/\/www.sudoestehoje.com.br\/novoportal\/wp-content\/uploads\/2019\/08\/renan-brasilia-1-500x333.jpg 500w, https:\/\/www.sudoestehoje.com.br\/novoportal\/wp-content\/uploads\/2019\/08\/renan-brasilia-1-768x512.jpg 768w, https:\/\/www.sudoestehoje.com.br\/novoportal\/wp-content\/uploads\/2019\/08\/renan-brasilia-1-700x467.jpg 700w, https:\/\/www.sudoestehoje.com.br\/novoportal\/wp-content\/uploads\/2019\/08\/renan-brasilia-1.jpg 960w\" sizes=\"auto, (max-width: 500px) 100vw, 500px\" \/><\/a><\/p>\n<p>Atrav\u00e9s de postagem nas redes sociais, o vice prefeito Renan Pereira confirmou nesta quarta-feira (14) a nova composi\u00e7\u00e3o do Diret\u00f3rio Municipal do Democratas em Itapetinga.<\/p>\n<p>Renan est\u00e1 em Brasilia com o prefeito Rodrigo Hagge e se reuniu com as lideran\u00e7as nacionais do DEM, que homologaram os nomes que ir\u00e3o compor a provis\u00f3ria do DEM no munic\u00edpio. <strong><em>Confira mensagem de Renan Pereira:<\/em><\/strong><\/p>\n<p><em>&#8220;Cumprindo uma extensa agenda de compromissos ao lado do Prefeito Rodrigo Hagge. Tive a oportunidade de ter sido recebido hoje a tarde aqui em Bras\u00edlia, representando os membros da executiva do Partido Democratas de Itapetinga, pelo Deputado Paulo Azy (Presidente da executiva do DEM da Bahia); pelo Vice Presidente do DEM Bahiano ARTUR MAIA; pelo Presidente Nacional do DEM, ACM NETO, tamb\u00e9m com o Aval do Ex-deputado JOS\u00c9 CARLOS ALELUIA, que em contato com NETO, via telefone nesse encontro, avalizou a decis\u00e3o da Executiva de Itapetinga, quando destituiu o Diret\u00f3rio Municipal de Itapetinga. Constituindo com plena autoriza\u00e7\u00e3o da Executiva da Bahia e Nacional, uma COMISS\u00c3O PROVIS\u00d3RIA, que ser\u00e1 registrada no TRE, com fins de direito, ficando assim constitu\u00edda: JOS\u00c9 OT\u00c1VIO CURVELO; RENAN PEREIRA DOS SANTOS; MARA RUBIA LIMA DE OLIVEIRA; FELISDENIO XAVIER DE SOUSA e ZILDO CARVALHO DE OLIVEIRA o qual responder\u00e1 a partir desta data, com poderes plenos de Presidente do DEM DE ITAPETINGA&#8221;.<\/em><\/p>\n<p><a href=\"https:\/\/www.sudoestehoje.com.br\/novoportal\/wp-content\/uploads\/2019\/08\/renan-brasilia-2-1.jpg\"><img loading=\"lazy\" decoding=\"async\" class=\"aligncenter size-medium wp-image-81586\" src=\"https:\/\/www.sudoestehoje.com.br\/novoportal\/wp-content\/uploads\/2019\/08\/renan-brasilia-2-1-500x333.jpg\" alt=\"\" width=\"500\" height=\"333\" srcset=\"https:\/\/www.sudoestehoje.com.br\/novoportal\/wp-content\/uploads\/2019\/08\/renan-brasilia-2-1-500x333.jpg 500w, https:\/\/www.sudoestehoje.com.br\/novoportal\/wp-content\/uploads\/2019\/08\/renan-brasilia-2-1-768x512.jpg 768w, https:\/\/www.sudoestehoje.com.br\/novoportal\/wp-content\/uploads\/2019\/08\/renan-brasilia-2-1-700x467.jpg 700w, https:\/\/www.sudoestehoje.com.br\/novoportal\/wp-content\/uploads\/2019\/08\/renan-brasilia-2-1.jpg 960w\" sizes=\"auto, (max-width: 500px) 100vw, 500px\" \/><\/a><\/p>\n<p>O banc\u00e1rio Robert Ara\u00fajo, que presidia irregularmente a legenda no munic\u00edpio, ficou de fora.<\/p>\n<p><strong><em>Por Davi Ferraz<\/em><\/strong><\/p>\n","protected":false},"excerpt":{"rendered":"<p>EM BRAS\u00cdLIA, ACM NETO E OS DEPUTADOS PAULO AZY E ARTHUR MAIA HOMOLOGARAM NOVO DIRET\u00d3RIO DO DEM EM ITAPETINGA. Atrav\u00e9s de postagem nas redes sociais, o vice prefeito Renan Pereira confirmou nesta quarta-feira (14) a nova composi\u00e7\u00e3o do Diret\u00f3rio Municipal do Democratas em Itapetinga. Renan est\u00e1 em Brasilia com o prefeito Rodrigo Hagge e se [&hellip;]<\/p>\n","protected":false},"author":2,"featured_media":81584,"comment_status":"open","ping_status":"open","sticky":false,"template":"","format":"standard","meta":{"footnotes":"","_links_to":"","_links_to_target":""},"categories":[1],"tags":[],"class_list":["post-81581","post","type-post","status-publish","format-standard","has-post-thumbnail","hentry","category-geral"],"views":889,"_links":{"self":[{"href":"https:\/\/www.sudoestehoje.com.br\/novoportal\/wp-json\/wp\/v2\/posts\/81581","targetHints":{"allow":["GET"]}}],"collection":[{"href":"https:\/\/www.sudoestehoje.com.br\/novoportal\/wp-json\/wp\/v2\/posts"}],"about":[{"href":"https:\/\/www.sudoestehoje.com.br\/novoportal\/wp-json\/wp\/v2\/types\/post"}],"author":[{"embeddable":true,"href":"https:\/\/www.sudoestehoje.com.br\/novoportal\/wp-json\/wp\/v2\/users\/2"}],"replies":[{"embeddable":true,"href":"https:\/\/www.sudoestehoje.com.br\/novoportal\/wp-json\/wp\/v2\/comments?post=81581"}],"version-history":[{"count":5,"href":"https:\/\/www.sudoestehoje.com.br\/novoportal\/wp-json\/wp\/v2\/posts\/81581\/revisions"}],"predecessor-version":[{"id":81590,"href":"https:\/\/www.sudoestehoje.com.br\/novoportal\/wp-json\/wp\/v2\/posts\/81581\/revisions\/81590"}],"wp:featuredmedia":[{"embeddable":true,"href":"https:\/\/www.sudoestehoje.com.br\/novoportal\/wp-json\/wp\/v2\/media\/81584"}],"wp:attachment":[{"href":"https:\/\/www.sudoestehoje.com.br\/novoportal\/wp-json\/wp\/v2\/media?parent=81581"}],"wp:term":[{"taxonomy":"category","embeddable":true,"href":"https:\/\/www.sudoestehoje.com.br\/novoportal\/wp-json\/wp\/v2\/categories?post=81581"},{"taxonomy":"post_tag","embeddable":true,"href":"https:\/\/www.sudoestehoje.com.br\/novoportal\/wp-json\/wp\/v2\/tags?post=81581"}],"curies":[{"name":"wp","href":"https:\/\/api.w.org\/{rel}","templated":true}]}}