
{"id":81573,"date":"2019-08-14T17:57:32","date_gmt":"2019-08-14T20:57:32","guid":{"rendered":"https:\/\/www.sudoestehoje.com.br\/novoportal\/?p=81573"},"modified":"2019-08-14T18:02:27","modified_gmt":"2019-08-14T21:02:27","slug":"fabrica-da-nestle-de-itabuna-sera-desativada-a-partir-de-marco-de-2020","status":"publish","type":"post","link":"https:\/\/www.sudoestehoje.com.br\/novoportal\/2019\/08\/14\/fabrica-da-nestle-de-itabuna-sera-desativada-a-partir-de-marco-de-2020\/","title":{"rendered":"F\u00c1BRICA DA NESTL\u00c9 DE ITABUNA SER\u00c1 DESATIVADA A PARTIR DE MAR\u00c7O DE 2020"},"content":{"rendered":"<p><a href=\"https:\/\/www.sudoestehoje.com.br\/novoportal\/wp-content\/uploads\/2019\/08\/nestle-itabuna.jpg\"><img loading=\"lazy\" decoding=\"async\" class=\"aligncenter size-medium wp-image-81575\" src=\"https:\/\/www.sudoestehoje.com.br\/novoportal\/wp-content\/uploads\/2019\/08\/nestle-itabuna-500x278.jpg\" alt=\"\" width=\"500\" height=\"278\" srcset=\"https:\/\/www.sudoestehoje.com.br\/novoportal\/wp-content\/uploads\/2019\/08\/nestle-itabuna-500x278.jpg 500w, https:\/\/www.sudoestehoje.com.br\/novoportal\/wp-content\/uploads\/2019\/08\/nestle-itabuna-768x427.jpg 768w, https:\/\/www.sudoestehoje.com.br\/novoportal\/wp-content\/uploads\/2019\/08\/nestle-itabuna-700x389.jpg 700w, https:\/\/www.sudoestehoje.com.br\/novoportal\/wp-content\/uploads\/2019\/08\/nestle-itabuna.jpg 800w\" sizes=\"auto, (max-width: 500px) 100vw, 500px\" \/><\/a><\/p>\n<p>A Nestl\u00e9 confirmou, nesta tarde de quarta (14), que desativar\u00e1 a unidade fabril de Itabuna \u201cat\u00e9 meados do ano que vem\u201d. Toda a produ\u00e7\u00e3o no munic\u00edpio ser\u00e1 transferida para a unidade de Feira de Santana, tamb\u00e9m na Bahia.<\/p>\n<p>A multinacional decidiu ampliar a unidade de Feira de Santana, que \u201cabsorver\u00e1 as opera\u00e7\u00f5es hoje realizadas na f\u00e1brica de Itabuna\u201d. A unidade baiana, inaugurada em 2010, ser\u00e1 utilizada para produ\u00e7\u00e3o e distribui\u00e7\u00e3o da Nestl\u00e9 para o Norte e o Nordeste, de acordo com a multinacional.<\/p>\n<p>Os funcion\u00e1rios da f\u00e1brica de Itabuna ser\u00e3o transferidos para Feira, caso aceitem, conforme comunicado da empresa nesta tarde. \u201cA empresa vai oferecer a todos os funcion\u00e1rios que hoje est\u00e3o em Itabuna a possibilidade de migrar para a f\u00e1brica de Feira a partir de 2020\u201d. Os funcion\u00e1rios e familiares poder\u00e3o visitar instala\u00e7\u00f5es da Nestl\u00e9 no outro munic\u00edpio baiano e conhecer a cidade para decidir ou n\u00e3o pela transfer\u00eancia, segundo compromisso da multinacional.<\/p>\n<p>A Nestl\u00e9 est\u00e1 em Itabuna h\u00e1 quase 40 anos. A f\u00e1brica no sul da Bahia ser\u00e1 desativada at\u00e9 mar\u00e7o de 2020. At\u00e9 o fechamento, no pr\u00f3ximo ano, a unidade sul-baiana continuar\u00e1 produzindo o achocolatado Nescau, reativando uma linha de produ\u00e7\u00e3o para atender a demanda nordestina. \/\/<em>Pimenta<\/em><\/p>\n","protected":false},"excerpt":{"rendered":"<p>A Nestl\u00e9 confirmou, nesta tarde de quarta (14), que desativar\u00e1 a unidade fabril de Itabuna \u201cat\u00e9 meados do ano que vem\u201d. Toda a produ\u00e7\u00e3o no munic\u00edpio ser\u00e1 transferida para a unidade de Feira de Santana, tamb\u00e9m na Bahia. A multinacional decidiu ampliar a unidade de Feira de Santana, que \u201cabsorver\u00e1 as opera\u00e7\u00f5es hoje realizadas na [&hellip;]<\/p>\n","protected":false},"author":2,"featured_media":81575,"comment_status":"open","ping_status":"open","sticky":false,"template":"","format":"standard","meta":{"footnotes":"","_links_to":"","_links_to_target":""},"categories":[1],"tags":[],"class_list":["post-81573","post","type-post","status-publish","format-standard","has-post-thumbnail","hentry","category-geral"],"views":1498,"_links":{"self":[{"href":"https:\/\/www.sudoestehoje.com.br\/novoportal\/wp-json\/wp\/v2\/posts\/81573","targetHints":{"allow":["GET"]}}],"collection":[{"href":"https:\/\/www.sudoestehoje.com.br\/novoportal\/wp-json\/wp\/v2\/posts"}],"about":[{"href":"https:\/\/www.sudoestehoje.com.br\/novoportal\/wp-json\/wp\/v2\/types\/post"}],"author":[{"embeddable":true,"href":"https:\/\/www.sudoestehoje.com.br\/novoportal\/wp-json\/wp\/v2\/users\/2"}],"replies":[{"embeddable":true,"href":"https:\/\/www.sudoestehoje.com.br\/novoportal\/wp-json\/wp\/v2\/comments?post=81573"}],"version-history":[{"count":6,"href":"https:\/\/www.sudoestehoje.com.br\/novoportal\/wp-json\/wp\/v2\/posts\/81573\/revisions"}],"predecessor-version":[{"id":81580,"href":"https:\/\/www.sudoestehoje.com.br\/novoportal\/wp-json\/wp\/v2\/posts\/81573\/revisions\/81580"}],"wp:featuredmedia":[{"embeddable":true,"href":"https:\/\/www.sudoestehoje.com.br\/novoportal\/wp-json\/wp\/v2\/media\/81575"}],"wp:attachment":[{"href":"https:\/\/www.sudoestehoje.com.br\/novoportal\/wp-json\/wp\/v2\/media?parent=81573"}],"wp:term":[{"taxonomy":"category","embeddable":true,"href":"https:\/\/www.sudoestehoje.com.br\/novoportal\/wp-json\/wp\/v2\/categories?post=81573"},{"taxonomy":"post_tag","embeddable":true,"href":"https:\/\/www.sudoestehoje.com.br\/novoportal\/wp-json\/wp\/v2\/tags?post=81573"}],"curies":[{"name":"wp","href":"https:\/\/api.w.org\/{rel}","templated":true}]}}