
{"id":81568,"date":"2019-08-14T17:37:26","date_gmt":"2019-08-14T20:37:26","guid":{"rendered":"https:\/\/www.sudoestehoje.com.br\/novoportal\/?p=81568"},"modified":"2019-08-14T17:37:26","modified_gmt":"2019-08-14T20:37:26","slug":"comissao-de-infraestrutura-da-al-ba-aprova-reunioes-itinerantes-pelo-interior-do-estado","status":"publish","type":"post","link":"https:\/\/www.sudoestehoje.com.br\/novoportal\/2019\/08\/14\/comissao-de-infraestrutura-da-al-ba-aprova-reunioes-itinerantes-pelo-interior-do-estado\/","title":{"rendered":"COMISS\u00c3O DE INFRAESTRUTURA DA AL-BA APROVA REUNI\u00d5ES ITINERANTES PELO INTERIOR DO ESTADO"},"content":{"rendered":"<p class=\"yiv0088028930MsoNormal\"><a href=\"https:\/\/www.sudoestehoje.com.br\/novoportal\/wp-content\/uploads\/2019\/08\/Comiss\u00e3o-dia-13-08-19.jpeg\"><img loading=\"lazy\" decoding=\"async\" class=\"aligncenter size-medium wp-image-81569\" src=\"https:\/\/www.sudoestehoje.com.br\/novoportal\/wp-content\/uploads\/2019\/08\/Comiss\u00e3o-dia-13-08-19-500x375.jpeg\" alt=\"\" width=\"500\" height=\"375\" srcset=\"https:\/\/www.sudoestehoje.com.br\/novoportal\/wp-content\/uploads\/2019\/08\/Comiss\u00e3o-dia-13-08-19-500x375.jpeg 500w, https:\/\/www.sudoestehoje.com.br\/novoportal\/wp-content\/uploads\/2019\/08\/Comiss\u00e3o-dia-13-08-19-768x576.jpeg 768w, https:\/\/www.sudoestehoje.com.br\/novoportal\/wp-content\/uploads\/2019\/08\/Comiss\u00e3o-dia-13-08-19-700x525.jpeg 700w, https:\/\/www.sudoestehoje.com.br\/novoportal\/wp-content\/uploads\/2019\/08\/Comiss\u00e3o-dia-13-08-19.jpeg 1280w\" sizes=\"auto, (max-width: 500px) 100vw, 500px\" \/><\/a><\/p>\n<p class=\"yiv0088028930MsoNormal\">A Comiss\u00e3o de Infraestrutura, Desenvolvimento Econ\u00f4mico e Turismo, presidida pelo deputado estadual Pedro Tavares (DEM), aprovou hoje (13\/08), a realiza\u00e7\u00e3o de reuni\u00f5es itinerantes pelo interior do estado. O objetivo \u00e9 conhecer de perto os projetos e a realidade da infraestrutura, nas regi\u00f5es.<\/p>\n<p class=\"yiv0088028930MsoNormal\">\u201cO intuito \u00e9 que uma vez por m\u00eas n\u00f3s possamos tirar a Comiss\u00e3o do Parlamento Estadual e levarmos para o interior da Bahia a fim de discutirmos in loco as dificuldades, os problemas e a situa\u00e7\u00e3o das obras de infraestrutura do estado\u201d, justificou o presidente.<\/p>\n<p class=\"yiv0088028930MsoNormal\">Tavares sugeriu que a primeira atividade da Comiss\u00e3o Itinerante seja uma visita a Adutora do S\u00e3o Francisco, que tem sofrido frequentes interrup\u00e7\u00f5es no funcionamento e prejudicado o abastecimento de \u00e1gua, em Irec\u00ea e mais quinze cidades da regi\u00e3o. Ao elogiar a iniciativa, o deputado Alex Lima (PSB), prop\u00f4s uma audi\u00eancia p\u00fablica em Alagoinhas para discutir a utiliza\u00e7\u00e3o da \u00e1gua pela cadeia produtiva de cerveja. O deputado Z\u00e9 Coc\u00e1 (PP), solicitou que seja realizado um debate sobre o Aeroporto de Jequi\u00e9, na cidade, tamb\u00e9m dentro da programa\u00e7\u00e3o da Comiss\u00e3o. J\u00e1 a deputada Jusmari Oliveira (PSD), defendeu a necessidade de visita ao canteiro de obras da Fiol, na regi\u00e3o oeste. O calend\u00e1rio das viagens as regi\u00f5es ser\u00e1 definido na pr\u00f3xima reuni\u00e3o do grupo, na ter\u00e7a-feira, dia 20.<\/p>\n<p class=\"yiv0088028930MsoNormal\">Demonstrando que o colegiado retornou com todo vapor \u00e0s discuss\u00f5es sobre as demandas dos setores, os membros aprovaram tamb\u00e9m um projeto de lei, do deputado Bob\u00f4 (PCdoB). Al\u00e9m disso, designou relatores para dois projetos e confirmou tamb\u00e9m uma visita de cortesia a Coelba para a pr\u00f3xima ter\u00e7a-feira, \u00e0s 11 h.<\/p>\n<p class=\"yiv0088028930MsoNormal\">A frente da Comiss\u00e3o, Tavares destacou que pretende manter o ritmo intenso de trabalho, com a apresenta\u00e7\u00e3o e discuss\u00e3o de propostas. \u201cQueremos manter o dinamismo, discutindo e apresentando solu\u00e7\u00f5es para os problemas do estado, nessas tr\u00eas \u00e1reas. Aproveito para agradecer a presen\u00e7a frequente dos pares, o que tem feito dessa Comiss\u00e3o uma das mais atuantes da Casa\u201d, afirmou.<\/p>\n","protected":false},"excerpt":{"rendered":"<p>A Comiss\u00e3o de Infraestrutura, Desenvolvimento Econ\u00f4mico e Turismo, presidida pelo deputado estadual Pedro Tavares (DEM), aprovou hoje (13\/08), a realiza\u00e7\u00e3o de reuni\u00f5es itinerantes pelo interior do estado. O objetivo \u00e9 conhecer de perto os projetos e a realidade da infraestrutura, nas regi\u00f5es. \u201cO intuito \u00e9 que uma vez por m\u00eas n\u00f3s possamos tirar a Comiss\u00e3o [&hellip;]<\/p>\n","protected":false},"author":2,"featured_media":81569,"comment_status":"open","ping_status":"open","sticky":false,"template":"","format":"standard","meta":{"footnotes":"","_links_to":"","_links_to_target":""},"categories":[1],"tags":[],"class_list":["post-81568","post","type-post","status-publish","format-standard","has-post-thumbnail","hentry","category-geral"],"views":694,"_links":{"self":[{"href":"https:\/\/www.sudoestehoje.com.br\/novoportal\/wp-json\/wp\/v2\/posts\/81568","targetHints":{"allow":["GET"]}}],"collection":[{"href":"https:\/\/www.sudoestehoje.com.br\/novoportal\/wp-json\/wp\/v2\/posts"}],"about":[{"href":"https:\/\/www.sudoestehoje.com.br\/novoportal\/wp-json\/wp\/v2\/types\/post"}],"author":[{"embeddable":true,"href":"https:\/\/www.sudoestehoje.com.br\/novoportal\/wp-json\/wp\/v2\/users\/2"}],"replies":[{"embeddable":true,"href":"https:\/\/www.sudoestehoje.com.br\/novoportal\/wp-json\/wp\/v2\/comments?post=81568"}],"version-history":[{"count":3,"href":"https:\/\/www.sudoestehoje.com.br\/novoportal\/wp-json\/wp\/v2\/posts\/81568\/revisions"}],"predecessor-version":[{"id":81572,"href":"https:\/\/www.sudoestehoje.com.br\/novoportal\/wp-json\/wp\/v2\/posts\/81568\/revisions\/81572"}],"wp:featuredmedia":[{"embeddable":true,"href":"https:\/\/www.sudoestehoje.com.br\/novoportal\/wp-json\/wp\/v2\/media\/81569"}],"wp:attachment":[{"href":"https:\/\/www.sudoestehoje.com.br\/novoportal\/wp-json\/wp\/v2\/media?parent=81568"}],"wp:term":[{"taxonomy":"category","embeddable":true,"href":"https:\/\/www.sudoestehoje.com.br\/novoportal\/wp-json\/wp\/v2\/categories?post=81568"},{"taxonomy":"post_tag","embeddable":true,"href":"https:\/\/www.sudoestehoje.com.br\/novoportal\/wp-json\/wp\/v2\/tags?post=81568"}],"curies":[{"name":"wp","href":"https:\/\/api.w.org\/{rel}","templated":true}]}}