
{"id":81564,"date":"2019-08-13T23:58:40","date_gmt":"2019-08-14T02:58:40","guid":{"rendered":"https:\/\/www.sudoestehoje.com.br\/novoportal\/?p=81564"},"modified":"2019-08-14T00:00:42","modified_gmt":"2019-08-14T03:00:42","slug":"itapetinga-zildo-carvalho-e-indicado-para-assumir-a-presidencia-do-democratas","status":"publish","type":"post","link":"https:\/\/www.sudoestehoje.com.br\/novoportal\/2019\/08\/13\/itapetinga-zildo-carvalho-e-indicado-para-assumir-a-presidencia-do-democratas\/","title":{"rendered":"ITAPETINGA: ZILDO CARVALHO \u00c9 INDICADO PARA ASSUMIR A PRESID\u00caNCIA DO DEMOCRATAS"},"content":{"rendered":"<p><a href=\"https:\/\/www.sudoestehoje.com.br\/novoportal\/wp-content\/uploads\/2019\/08\/zildo-1.jpg\"><img loading=\"lazy\" decoding=\"async\" class=\"aligncenter size-medium wp-image-81565\" src=\"https:\/\/www.sudoestehoje.com.br\/novoportal\/wp-content\/uploads\/2019\/08\/zildo-1-500x328.jpg\" alt=\"\" width=\"500\" height=\"328\" srcset=\"https:\/\/www.sudoestehoje.com.br\/novoportal\/wp-content\/uploads\/2019\/08\/zildo-1-500x328.jpg 500w, https:\/\/www.sudoestehoje.com.br\/novoportal\/wp-content\/uploads\/2019\/08\/zildo-1-768x504.jpg 768w, https:\/\/www.sudoestehoje.com.br\/novoportal\/wp-content\/uploads\/2019\/08\/zildo-1-700x459.jpg 700w, https:\/\/www.sudoestehoje.com.br\/novoportal\/wp-content\/uploads\/2019\/08\/zildo-1.jpg 960w\" sizes=\"auto, (max-width: 500px) 100vw, 500px\" \/><\/a><\/p>\n<p>O ex-vereador e vice-prefeito Zildo Carvalho \u00e9 o nome indicado pelo Democratas de Itapetinga para assumir a presid\u00eancia da Executiva Municipal do partido.<\/p>\n<p>O nome do experiente pol\u00edtico foi escolhido em reuni\u00e3o dos membros do DEM em Itapetinga, para substituir o atual presidente Robert Ara\u00fajo.<\/p>\n<p>O nome de Zildo tem o aval do l\u00edder democrata Dr. Jos\u00e9 Ot\u00e1vio Curvelo, do vice-prefeito Renan Pereira e dos vereadores Fabiano Bahia, Naara Duarte e Anderson da Nova, al\u00e9m de outros membros importantes do DEM.<\/p>\n<p>Os nomes que ir\u00e3o compor a noca executiva do DEM em Itapetinga ser\u00e3o encaminhados ao Diret\u00f3rio Estadual, para oficializa\u00e7\u00e3o e registro junto ao TRE.<\/p>\n<p><strong><em>Por Davi Ferraz\u00a0<\/em><\/strong><\/p>\n","protected":false},"excerpt":{"rendered":"<p>O ex-vereador e vice-prefeito Zildo Carvalho \u00e9 o nome indicado pelo Democratas de Itapetinga para assumir a presid\u00eancia da Executiva Municipal do partido. O nome do experiente pol\u00edtico foi escolhido em reuni\u00e3o dos membros do DEM em Itapetinga, para substituir o atual presidente Robert Ara\u00fajo. O nome de Zildo tem o aval do l\u00edder democrata [&hellip;]<\/p>\n","protected":false},"author":2,"featured_media":81565,"comment_status":"open","ping_status":"open","sticky":false,"template":"","format":"standard","meta":{"footnotes":"","_links_to":"","_links_to_target":""},"categories":[1],"tags":[],"class_list":["post-81564","post","type-post","status-publish","format-standard","has-post-thumbnail","hentry","category-geral"],"views":1190,"_links":{"self":[{"href":"https:\/\/www.sudoestehoje.com.br\/novoportal\/wp-json\/wp\/v2\/posts\/81564","targetHints":{"allow":["GET"]}}],"collection":[{"href":"https:\/\/www.sudoestehoje.com.br\/novoportal\/wp-json\/wp\/v2\/posts"}],"about":[{"href":"https:\/\/www.sudoestehoje.com.br\/novoportal\/wp-json\/wp\/v2\/types\/post"}],"author":[{"embeddable":true,"href":"https:\/\/www.sudoestehoje.com.br\/novoportal\/wp-json\/wp\/v2\/users\/2"}],"replies":[{"embeddable":true,"href":"https:\/\/www.sudoestehoje.com.br\/novoportal\/wp-json\/wp\/v2\/comments?post=81564"}],"version-history":[{"count":2,"href":"https:\/\/www.sudoestehoje.com.br\/novoportal\/wp-json\/wp\/v2\/posts\/81564\/revisions"}],"predecessor-version":[{"id":81567,"href":"https:\/\/www.sudoestehoje.com.br\/novoportal\/wp-json\/wp\/v2\/posts\/81564\/revisions\/81567"}],"wp:featuredmedia":[{"embeddable":true,"href":"https:\/\/www.sudoestehoje.com.br\/novoportal\/wp-json\/wp\/v2\/media\/81565"}],"wp:attachment":[{"href":"https:\/\/www.sudoestehoje.com.br\/novoportal\/wp-json\/wp\/v2\/media?parent=81564"}],"wp:term":[{"taxonomy":"category","embeddable":true,"href":"https:\/\/www.sudoestehoje.com.br\/novoportal\/wp-json\/wp\/v2\/categories?post=81564"},{"taxonomy":"post_tag","embeddable":true,"href":"https:\/\/www.sudoestehoje.com.br\/novoportal\/wp-json\/wp\/v2\/tags?post=81564"}],"curies":[{"name":"wp","href":"https:\/\/api.w.org\/{rel}","templated":true}]}}