
{"id":81557,"date":"2019-08-13T22:00:31","date_gmt":"2019-08-14T01:00:31","guid":{"rendered":"https:\/\/www.sudoestehoje.com.br\/novoportal\/?p=81557"},"modified":"2019-08-13T22:03:13","modified_gmt":"2019-08-14T01:03:13","slug":"cnmp-suspende-procurador-baiano-que-chamou-bolsonaro-de-bunda-suja-e-fascista","status":"publish","type":"post","link":"https:\/\/www.sudoestehoje.com.br\/novoportal\/2019\/08\/13\/cnmp-suspende-procurador-baiano-que-chamou-bolsonaro-de-bunda-suja-e-fascista\/","title":{"rendered":"CNMP SUSPENDE PROCURADOR BAIANO QUE CHAMOU BOLSONARO DE &#8216;BUNDA SUJA E FASCISTA&#8217;"},"content":{"rendered":"<p><a href=\"https:\/\/www.sudoestehoje.com.br\/novoportal\/wp-content\/uploads\/2019\/08\/procurador.jpg\"><img loading=\"lazy\" decoding=\"async\" class=\"aligncenter size-medium wp-image-81558\" src=\"https:\/\/www.sudoestehoje.com.br\/novoportal\/wp-content\/uploads\/2019\/08\/procurador-500x235.jpg\" alt=\"\" width=\"500\" height=\"235\" srcset=\"https:\/\/www.sudoestehoje.com.br\/novoportal\/wp-content\/uploads\/2019\/08\/procurador-500x235.jpg 500w, https:\/\/www.sudoestehoje.com.br\/novoportal\/wp-content\/uploads\/2019\/08\/procurador-768x361.jpg 768w, https:\/\/www.sudoestehoje.com.br\/novoportal\/wp-content\/uploads\/2019\/08\/procurador-700x329.jpg 700w, https:\/\/www.sudoestehoje.com.br\/novoportal\/wp-content\/uploads\/2019\/08\/procurador.jpg 1600w\" sizes=\"auto, (max-width: 500px) 100vw, 500px\" \/><\/a><\/p>\n<p>O Conselho Nacional do Minist\u00e9rio P\u00fablico (CNMP) suspendeu por 30 dias o procurador de Justi\u00e7a da Bahia R\u00f4mulo de Andrade Moreira por entender que ele ofendeu a honra do presidente Jair Bolsonaro (PSL). A informa\u00e7\u00e3o foi divulgada pelo jornal O Globo. Pela decis\u00e3o do CNMP, Moreira ficar\u00e1 um m\u00eas afastado de sua atividades profissionais sem receber sal\u00e1rio.<\/p>\n<p>De acordo com o relator do caso, o vice-procurador da Rep\u00fablica, Luciano Maia, o procurador &#8220;violou deveres legais de manter p\u00fablica e particularmente conduta ilibada e compat\u00edvel com o exerc\u00edcio do cargo e de zelar pelo prest\u00edgio da Justi\u00e7a, por suas prerrogativas e pela dignidade de suas fun\u00e7\u00f5es, e pelo respeito aos membros do Minist\u00e9rio P\u00fablico, aos magistrados e advogados.&#8221;<\/p>\n<p>Logo depois das elei\u00e7\u00f5es de 2018, em um blog, Moreira chamou o ent\u00e3o presidente eleito de \u201cbunda-suja, fascista, preconceituoso, desqualificado, homof\u00f3bico, racista, mis\u00f3gino, retr\u00f3grado, arauto da tortura, adorador de torturadores, amante das ditaduras, subserviente aos militares\u201d.<\/p>\n<p>O voto do relator foi aprovado pela maioria dos conselheiros. <em>\/\/Metro 1<\/em><\/p>\n","protected":false},"excerpt":{"rendered":"<p>O Conselho Nacional do Minist\u00e9rio P\u00fablico (CNMP) suspendeu por 30 dias o procurador de Justi\u00e7a da Bahia R\u00f4mulo de Andrade Moreira por entender que ele ofendeu a honra do presidente Jair Bolsonaro (PSL). A informa\u00e7\u00e3o foi divulgada pelo jornal O Globo. Pela decis\u00e3o do CNMP, Moreira ficar\u00e1 um m\u00eas afastado de sua atividades profissionais sem [&hellip;]<\/p>\n","protected":false},"author":2,"featured_media":81558,"comment_status":"open","ping_status":"open","sticky":false,"template":"","format":"standard","meta":{"footnotes":"","_links_to":"","_links_to_target":""},"categories":[1],"tags":[],"class_list":["post-81557","post","type-post","status-publish","format-standard","has-post-thumbnail","hentry","category-geral"],"views":779,"_links":{"self":[{"href":"https:\/\/www.sudoestehoje.com.br\/novoportal\/wp-json\/wp\/v2\/posts\/81557","targetHints":{"allow":["GET"]}}],"collection":[{"href":"https:\/\/www.sudoestehoje.com.br\/novoportal\/wp-json\/wp\/v2\/posts"}],"about":[{"href":"https:\/\/www.sudoestehoje.com.br\/novoportal\/wp-json\/wp\/v2\/types\/post"}],"author":[{"embeddable":true,"href":"https:\/\/www.sudoestehoje.com.br\/novoportal\/wp-json\/wp\/v2\/users\/2"}],"replies":[{"embeddable":true,"href":"https:\/\/www.sudoestehoje.com.br\/novoportal\/wp-json\/wp\/v2\/comments?post=81557"}],"version-history":[{"count":2,"href":"https:\/\/www.sudoestehoje.com.br\/novoportal\/wp-json\/wp\/v2\/posts\/81557\/revisions"}],"predecessor-version":[{"id":81560,"href":"https:\/\/www.sudoestehoje.com.br\/novoportal\/wp-json\/wp\/v2\/posts\/81557\/revisions\/81560"}],"wp:featuredmedia":[{"embeddable":true,"href":"https:\/\/www.sudoestehoje.com.br\/novoportal\/wp-json\/wp\/v2\/media\/81558"}],"wp:attachment":[{"href":"https:\/\/www.sudoestehoje.com.br\/novoportal\/wp-json\/wp\/v2\/media?parent=81557"}],"wp:term":[{"taxonomy":"category","embeddable":true,"href":"https:\/\/www.sudoestehoje.com.br\/novoportal\/wp-json\/wp\/v2\/categories?post=81557"},{"taxonomy":"post_tag","embeddable":true,"href":"https:\/\/www.sudoestehoje.com.br\/novoportal\/wp-json\/wp\/v2\/tags?post=81557"}],"curies":[{"name":"wp","href":"https:\/\/api.w.org\/{rel}","templated":true}]}}