
{"id":81530,"date":"2019-08-12T21:09:07","date_gmt":"2019-08-13T00:09:07","guid":{"rendered":"https:\/\/www.sudoestehoje.com.br\/novoportal\/?p=81530"},"modified":"2019-08-12T21:09:07","modified_gmt":"2019-08-13T00:09:07","slug":"conquista-por-falta-de-equipamentos-voos-sao-cancelados-no-novo-aeroporto","status":"publish","type":"post","link":"https:\/\/www.sudoestehoje.com.br\/novoportal\/2019\/08\/12\/conquista-por-falta-de-equipamentos-voos-sao-cancelados-no-novo-aeroporto\/","title":{"rendered":"CONQUISTA: POR FALTA DE EQUIPAMENTOS, VOOS S\u00c3O CANCELADOS NO NOVO AEROPORTO"},"content":{"rendered":"<p><a href=\"https:\/\/www.sudoestehoje.com.br\/novoportal\/wp-content\/uploads\/2019\/08\/aeroporto-vitoria-da-conquista-Foto_Divulgacao_Seinfra-2.jpg\"><img loading=\"lazy\" decoding=\"async\" class=\"aligncenter size-medium wp-image-81532\" src=\"https:\/\/www.sudoestehoje.com.br\/novoportal\/wp-content\/uploads\/2019\/08\/aeroporto-vitoria-da-conquista-Foto_Divulgacao_Seinfra-2-500x350.jpg\" alt=\"\" width=\"500\" height=\"350\" srcset=\"https:\/\/www.sudoestehoje.com.br\/novoportal\/wp-content\/uploads\/2019\/08\/aeroporto-vitoria-da-conquista-Foto_Divulgacao_Seinfra-2-500x350.jpg 500w, https:\/\/www.sudoestehoje.com.br\/novoportal\/wp-content\/uploads\/2019\/08\/aeroporto-vitoria-da-conquista-Foto_Divulgacao_Seinfra-2.jpg 600w\" sizes=\"auto, (max-width: 500px) 100vw, 500px\" \/><\/a><\/p>\n<p>Pela primeira vez desde que foi inaugurado, o Aeroporto Glauber Rocha, em Vit\u00f3ria da Conquista, registrou o primeiro problema em virtude do mau tempo, situa\u00e7\u00e3o que era corriqueira no Pedro Otac\u00edlio de Figueiredo, que j\u00e1 est\u00e1 desativado.<\/p>\n<p>No Jornal Band News desta segunda-feira (12) o apresentador Marcos Ferreira repercutiu o coment\u00e1rio da jornalista Rossane Nascimento, que aguardava um voo para Salvador, mas o avi\u00e3o atrasou o pouso em virtude do mau tempo. Novo equipamento e velhos problemas? <em>\/\/Blog do Rodrigo Ferraz<\/em><\/p>\n","protected":false},"excerpt":{"rendered":"<p>Pela primeira vez desde que foi inaugurado, o Aeroporto Glauber Rocha, em Vit\u00f3ria da Conquista, registrou o primeiro problema em virtude do mau tempo, situa\u00e7\u00e3o que era corriqueira no Pedro Otac\u00edlio de Figueiredo, que j\u00e1 est\u00e1 desativado. No Jornal Band News desta segunda-feira (12) o apresentador Marcos Ferreira repercutiu o coment\u00e1rio da jornalista Rossane Nascimento, [&hellip;]<\/p>\n","protected":false},"author":2,"featured_media":81532,"comment_status":"open","ping_status":"open","sticky":false,"template":"","format":"standard","meta":{"footnotes":"","_links_to":"","_links_to_target":""},"categories":[1],"tags":[],"class_list":["post-81530","post","type-post","status-publish","format-standard","has-post-thumbnail","hentry","category-geral"],"views":688,"_links":{"self":[{"href":"https:\/\/www.sudoestehoje.com.br\/novoportal\/wp-json\/wp\/v2\/posts\/81530","targetHints":{"allow":["GET"]}}],"collection":[{"href":"https:\/\/www.sudoestehoje.com.br\/novoportal\/wp-json\/wp\/v2\/posts"}],"about":[{"href":"https:\/\/www.sudoestehoje.com.br\/novoportal\/wp-json\/wp\/v2\/types\/post"}],"author":[{"embeddable":true,"href":"https:\/\/www.sudoestehoje.com.br\/novoportal\/wp-json\/wp\/v2\/users\/2"}],"replies":[{"embeddable":true,"href":"https:\/\/www.sudoestehoje.com.br\/novoportal\/wp-json\/wp\/v2\/comments?post=81530"}],"version-history":[{"count":2,"href":"https:\/\/www.sudoestehoje.com.br\/novoportal\/wp-json\/wp\/v2\/posts\/81530\/revisions"}],"predecessor-version":[{"id":81533,"href":"https:\/\/www.sudoestehoje.com.br\/novoportal\/wp-json\/wp\/v2\/posts\/81530\/revisions\/81533"}],"wp:featuredmedia":[{"embeddable":true,"href":"https:\/\/www.sudoestehoje.com.br\/novoportal\/wp-json\/wp\/v2\/media\/81532"}],"wp:attachment":[{"href":"https:\/\/www.sudoestehoje.com.br\/novoportal\/wp-json\/wp\/v2\/media?parent=81530"}],"wp:term":[{"taxonomy":"category","embeddable":true,"href":"https:\/\/www.sudoestehoje.com.br\/novoportal\/wp-json\/wp\/v2\/categories?post=81530"},{"taxonomy":"post_tag","embeddable":true,"href":"https:\/\/www.sudoestehoje.com.br\/novoportal\/wp-json\/wp\/v2\/tags?post=81530"}],"curies":[{"name":"wp","href":"https:\/\/api.w.org\/{rel}","templated":true}]}}