
{"id":81520,"date":"2019-08-12T17:47:49","date_gmt":"2019-08-12T20:47:49","guid":{"rendered":"https:\/\/www.sudoestehoje.com.br\/novoportal\/?p=81520"},"modified":"2019-08-12T17:52:03","modified_gmt":"2019-08-12T20:52:03","slug":"itapetinga-vereador-cogita-se-afastar-do-mandato-para-assumir-cargo-estadual","status":"publish","type":"post","link":"https:\/\/www.sudoestehoje.com.br\/novoportal\/2019\/08\/12\/itapetinga-vereador-cogita-se-afastar-do-mandato-para-assumir-cargo-estadual\/","title":{"rendered":"ITAPETINGA: VEREADOR COGITA SE AFASTAR DO MANDATO PARA ASSUMIR CARGO ESTADUAL"},"content":{"rendered":"<p><a href=\"https:\/\/www.sudoestehoje.com.br\/novoportal\/wp-content\/uploads\/2019\/08\/Diga-1.jpg\"><img loading=\"lazy\" decoding=\"async\" class=\"aligncenter size-medium wp-image-81522\" src=\"https:\/\/www.sudoestehoje.com.br\/novoportal\/wp-content\/uploads\/2019\/08\/Diga-1-500x333.jpg\" alt=\"\" width=\"500\" height=\"333\" \/><\/a><\/p>\n<p>Na manh\u00e3 desta segunda-feira (12) foi intensa a movimenta\u00e7\u00e3o nos corredores e gabinetes da C\u00e2mara de Vereadores, por conta de um poss\u00edvel afastamento do vereador Diego Rodrigues (PL), para assumir um cargo pol\u00edtico na estrutura do governo estadual.<\/p>\n<p>Logo na sua chegada \u00e0 c\u00e2mara, o vereador Diego, conhecido por Diga Diga, fez consulta ao procurador Leandro Bento, a respeito do procedimento regimental para solicitar o afastamento do cargo eletivo visando assumir cargo pol\u00edtico.<\/p>\n<p>Caso o vereador se afaste, assume o suplente Neto Ferraz, que hoje ocupa fun\u00e7\u00e3o na Comutran.<\/p>\n<p>Diga Diga articula a perman\u00eancia dos seus dois assessores parlamentares nos cargos, caso Neto Ferraz aceite.<\/p>\n<p>A not\u00edcia do afastamento do vereador foi bem recebida por boa parte da edilidade e partidos pol\u00edticos locais, dado ao seu temperamento explosivo e hist\u00f3rico de pol\u00eamicas desnecess\u00e1rias.<\/p>\n<p>N\u00e3o h\u00e1 informa\u00e7\u00f5es sobre o cargo que o vereador pretende ocupar.<\/p>\n<p><strong><em>Por Davi Ferraz<\/em><\/strong><\/p>\n","protected":false},"excerpt":{"rendered":"<p>Na manh\u00e3 desta segunda-feira (12) foi intensa a movimenta\u00e7\u00e3o nos corredores e gabinetes da C\u00e2mara de Vereadores, por conta de um poss\u00edvel afastamento do vereador Diego Rodrigues (PL), para assumir um cargo pol\u00edtico na estrutura do governo estadual. Logo na sua chegada \u00e0 c\u00e2mara, o vereador Diego, conhecido por Diga Diga, fez consulta ao procurador [&hellip;]<\/p>\n","protected":false},"author":2,"featured_media":81522,"comment_status":"open","ping_status":"open","sticky":false,"template":"","format":"standard","meta":{"footnotes":"","_links_to":"","_links_to_target":""},"categories":[1],"tags":[],"class_list":["post-81520","post","type-post","status-publish","format-standard","has-post-thumbnail","hentry","category-geral"],"views":763,"_links":{"self":[{"href":"https:\/\/www.sudoestehoje.com.br\/novoportal\/wp-json\/wp\/v2\/posts\/81520","targetHints":{"allow":["GET"]}}],"collection":[{"href":"https:\/\/www.sudoestehoje.com.br\/novoportal\/wp-json\/wp\/v2\/posts"}],"about":[{"href":"https:\/\/www.sudoestehoje.com.br\/novoportal\/wp-json\/wp\/v2\/types\/post"}],"author":[{"embeddable":true,"href":"https:\/\/www.sudoestehoje.com.br\/novoportal\/wp-json\/wp\/v2\/users\/2"}],"replies":[{"embeddable":true,"href":"https:\/\/www.sudoestehoje.com.br\/novoportal\/wp-json\/wp\/v2\/comments?post=81520"}],"version-history":[{"count":3,"href":"https:\/\/www.sudoestehoje.com.br\/novoportal\/wp-json\/wp\/v2\/posts\/81520\/revisions"}],"predecessor-version":[{"id":81524,"href":"https:\/\/www.sudoestehoje.com.br\/novoportal\/wp-json\/wp\/v2\/posts\/81520\/revisions\/81524"}],"wp:featuredmedia":[{"embeddable":true,"href":"https:\/\/www.sudoestehoje.com.br\/novoportal\/wp-json\/wp\/v2\/media\/81522"}],"wp:attachment":[{"href":"https:\/\/www.sudoestehoje.com.br\/novoportal\/wp-json\/wp\/v2\/media?parent=81520"}],"wp:term":[{"taxonomy":"category","embeddable":true,"href":"https:\/\/www.sudoestehoje.com.br\/novoportal\/wp-json\/wp\/v2\/categories?post=81520"},{"taxonomy":"post_tag","embeddable":true,"href":"https:\/\/www.sudoestehoje.com.br\/novoportal\/wp-json\/wp\/v2\/tags?post=81520"}],"curies":[{"name":"wp","href":"https:\/\/api.w.org\/{rel}","templated":true}]}}