
{"id":81514,"date":"2019-08-12T11:36:10","date_gmt":"2019-08-12T14:36:10","guid":{"rendered":"https:\/\/www.sudoestehoje.com.br\/novoportal\/?p=81514"},"modified":"2019-08-12T13:42:22","modified_gmt":"2019-08-12T16:42:22","slug":"itapetinga-morre-aos-69-anos-ednilton-silva-santos-o-popular-ditao","status":"publish","type":"post","link":"https:\/\/www.sudoestehoje.com.br\/novoportal\/2019\/08\/12\/itapetinga-morre-aos-69-anos-ednilton-silva-santos-o-popular-ditao\/","title":{"rendered":"ITAPETINGA: MORRE AOS 69 ANOS, EDNILTON SILVA SANTOS, O POPULAR  \u201cDIT\u00c3O\u201d"},"content":{"rendered":"<p><a href=\"https:\/\/www.sudoestehoje.com.br\/novoportal\/wp-content\/uploads\/2019\/08\/dito.jpg\"><img loading=\"lazy\" decoding=\"async\" class=\"aligncenter size-medium wp-image-81515\" src=\"https:\/\/www.sudoestehoje.com.br\/novoportal\/wp-content\/uploads\/2019\/08\/dito-500x402.jpg\" alt=\"\" width=\"500\" height=\"402\" srcset=\"https:\/\/www.sudoestehoje.com.br\/novoportal\/wp-content\/uploads\/2019\/08\/dito-500x402.jpg 500w, https:\/\/www.sudoestehoje.com.br\/novoportal\/wp-content\/uploads\/2019\/08\/dito.jpg 640w\" sizes=\"auto, (max-width: 500px) 100vw, 500px\" \/><\/a><\/p>\n<p>Faleceu, na manh\u00e3 desta segunda-feira, aos 69 anos, Ednilton Silva Santos, o popular &#8216;Dit\u00e3o&#8217;, figura popular e querida em Itapetinga.<\/p>\n<p>Segundo informa\u00e7\u00f5es de familiares, Dit\u00e3o estava dentro do seu carro em frente a uma panificadora localizada na Pra\u00e7a Jo\u00e3o Barreto, no Camacan, onde habitualmente tomava o caf\u00e9 da manh\u00e3, quando\u00a0 sofreu um infarto fulminante e veio a \u00f3bito.<\/p>\n<p><a href=\"https:\/\/www.sudoestehoje.com.br\/novoportal\/wp-content\/uploads\/2019\/08\/dit\u00e3o.jpg\"><img loading=\"lazy\" decoding=\"async\" class=\"aligncenter size-medium wp-image-81516\" src=\"https:\/\/www.sudoestehoje.com.br\/novoportal\/wp-content\/uploads\/2019\/08\/dit\u00e3o-500x407.jpg\" alt=\"\" width=\"500\" height=\"407\" srcset=\"https:\/\/www.sudoestehoje.com.br\/novoportal\/wp-content\/uploads\/2019\/08\/dit\u00e3o-500x407.jpg 500w, https:\/\/www.sudoestehoje.com.br\/novoportal\/wp-content\/uploads\/2019\/08\/dit\u00e3o.jpg 580w\" sizes=\"auto, (max-width: 500px) 100vw, 500px\" \/><\/a><\/p>\n<p>Equipe do Samu 192 chegou a comparecer ao local, mas nada pode ser feito.<\/p>\n<p>O <em>Sudoeste Hoje<\/em> lamenta a morte do querido amigo Dit\u00e3o, manifestando o seu imenso pesar \u00e0 fam\u00edlia enlutada.<\/p>\n","protected":false},"excerpt":{"rendered":"<p>Faleceu, na manh\u00e3 desta segunda-feira, aos 69 anos, Ednilton Silva Santos, o popular &#8216;Dit\u00e3o&#8217;, figura popular e querida em Itapetinga. Segundo informa\u00e7\u00f5es de familiares, Dit\u00e3o estava dentro do seu carro em frente a uma panificadora localizada na Pra\u00e7a Jo\u00e3o Barreto, no Camacan, onde habitualmente tomava o caf\u00e9 da manh\u00e3, quando\u00a0 sofreu um infarto fulminante e [&hellip;]<\/p>\n","protected":false},"author":2,"featured_media":81515,"comment_status":"open","ping_status":"open","sticky":false,"template":"","format":"standard","meta":{"footnotes":"","_links_to":"","_links_to_target":""},"categories":[1],"tags":[],"class_list":["post-81514","post","type-post","status-publish","format-standard","has-post-thumbnail","hentry","category-geral"],"views":855,"_links":{"self":[{"href":"https:\/\/www.sudoestehoje.com.br\/novoportal\/wp-json\/wp\/v2\/posts\/81514","targetHints":{"allow":["GET"]}}],"collection":[{"href":"https:\/\/www.sudoestehoje.com.br\/novoportal\/wp-json\/wp\/v2\/posts"}],"about":[{"href":"https:\/\/www.sudoestehoje.com.br\/novoportal\/wp-json\/wp\/v2\/types\/post"}],"author":[{"embeddable":true,"href":"https:\/\/www.sudoestehoje.com.br\/novoportal\/wp-json\/wp\/v2\/users\/2"}],"replies":[{"embeddable":true,"href":"https:\/\/www.sudoestehoje.com.br\/novoportal\/wp-json\/wp\/v2\/comments?post=81514"}],"version-history":[{"count":3,"href":"https:\/\/www.sudoestehoje.com.br\/novoportal\/wp-json\/wp\/v2\/posts\/81514\/revisions"}],"predecessor-version":[{"id":81519,"href":"https:\/\/www.sudoestehoje.com.br\/novoportal\/wp-json\/wp\/v2\/posts\/81514\/revisions\/81519"}],"wp:featuredmedia":[{"embeddable":true,"href":"https:\/\/www.sudoestehoje.com.br\/novoportal\/wp-json\/wp\/v2\/media\/81515"}],"wp:attachment":[{"href":"https:\/\/www.sudoestehoje.com.br\/novoportal\/wp-json\/wp\/v2\/media?parent=81514"}],"wp:term":[{"taxonomy":"category","embeddable":true,"href":"https:\/\/www.sudoestehoje.com.br\/novoportal\/wp-json\/wp\/v2\/categories?post=81514"},{"taxonomy":"post_tag","embeddable":true,"href":"https:\/\/www.sudoestehoje.com.br\/novoportal\/wp-json\/wp\/v2\/tags?post=81514"}],"curies":[{"name":"wp","href":"https:\/\/api.w.org\/{rel}","templated":true}]}}