
{"id":81498,"date":"2019-08-10T20:39:18","date_gmt":"2019-08-10T23:39:18","guid":{"rendered":"https:\/\/www.sudoestehoje.com.br\/novoportal\/?p=81498"},"modified":"2019-08-10T20:50:20","modified_gmt":"2019-08-10T23:50:20","slug":"itapetinga-nova-sede-do-ministerio-publico-esta-quase-pronta-e-deve-ser-inaugurada-ainda-em-agosto","status":"publish","type":"post","link":"https:\/\/www.sudoestehoje.com.br\/novoportal\/2019\/08\/10\/itapetinga-nova-sede-do-ministerio-publico-esta-quase-pronta-e-deve-ser-inaugurada-ainda-em-agosto\/","title":{"rendered":"ITAPETINGA: NOVA SEDE DO MINIST\u00c9RIO P\u00daBLICO EST\u00c1 QUASE PRONTA E DEVE SER INAUGURADA AINDA EM AGOSTO"},"content":{"rendered":"<p><a href=\"https:\/\/www.sudoestehoje.com.br\/novoportal\/wp-content\/uploads\/2019\/08\/mp-5.jpg\"><img loading=\"lazy\" decoding=\"async\" class=\"aligncenter size-medium wp-image-81505\" src=\"https:\/\/www.sudoestehoje.com.br\/novoportal\/wp-content\/uploads\/2019\/08\/mp-5-500x375.jpg\" alt=\"\" width=\"500\" height=\"375\" srcset=\"https:\/\/www.sudoestehoje.com.br\/novoportal\/wp-content\/uploads\/2019\/08\/mp-5-500x375.jpg 500w, https:\/\/www.sudoestehoje.com.br\/novoportal\/wp-content\/uploads\/2019\/08\/mp-5-768x576.jpg 768w, https:\/\/www.sudoestehoje.com.br\/novoportal\/wp-content\/uploads\/2019\/08\/mp-5-700x525.jpg 700w, https:\/\/www.sudoestehoje.com.br\/novoportal\/wp-content\/uploads\/2019\/08\/mp-5.jpg 960w\" sizes=\"auto, (max-width: 500px) 100vw, 500px\" \/><\/a><\/p>\n<p>Mais uma conquista do munic\u00edpio de Itapetinga, a sede pr\u00f3pria do Minist\u00e9rio P\u00fablico da Bahia, est\u00e1 prestes a ser alcan\u00e7ada.\u00a0As obras de constru\u00e7\u00e3o est\u00e3o na fase final e a inaugura\u00e7\u00e3o, de acordo com informa\u00e7\u00f5es colhidas pelo Sudoeste Hoje, dever\u00e1 acontecer ainda neste m\u00eas de agosto.<\/p>\n<p>Desde que foi instalada no munic\u00edpio, a promotoria local sempre funcionou em locais inapropriados, a maior parte deles alugada.<\/p>\n<p><a href=\"https:\/\/www.sudoestehoje.com.br\/novoportal\/wp-content\/uploads\/2019\/08\/mp-1.jpg\"><img loading=\"lazy\" decoding=\"async\" class=\"aligncenter size-medium wp-image-81501\" src=\"https:\/\/www.sudoestehoje.com.br\/novoportal\/wp-content\/uploads\/2019\/08\/mp-1-500x375.jpg\" alt=\"\" width=\"500\" height=\"375\" srcset=\"https:\/\/www.sudoestehoje.com.br\/novoportal\/wp-content\/uploads\/2019\/08\/mp-1-500x375.jpg 500w, https:\/\/www.sudoestehoje.com.br\/novoportal\/wp-content\/uploads\/2019\/08\/mp-1-768x576.jpg 768w, https:\/\/www.sudoestehoje.com.br\/novoportal\/wp-content\/uploads\/2019\/08\/mp-1-700x525.jpg 700w, https:\/\/www.sudoestehoje.com.br\/novoportal\/wp-content\/uploads\/2019\/08\/mp-1.jpg 960w\" sizes=\"auto, (max-width: 500px) 100vw, 500px\" \/><\/a><\/p>\n<p>Com a constru\u00e7\u00e3o da nova sede, localizada na Avenida Isai Amorim, as demandas da popula\u00e7\u00e3o junto ao Minist\u00e9rio P\u00fablico em Itapetinga e regi\u00e3o ser\u00e3o facilitadas e atendidas com mais conforto e agilidade.<\/p>\n<p>A data da inaugura\u00e7\u00e3o dever\u00e1 ser anunciada pelo MP-BA, nas pr\u00f3ximas semanas.<\/p>\n\n\t\t<style type=\"text\/css\">\n\t\t\t#gallery-1 {\n\t\t\t\tmargin: auto;\n\t\t\t}\n\t\t\t#gallery-1 .gallery-item {\n\t\t\t\tfloat: left;\n\t\t\t\tmargin-top: 10px;\n\t\t\t\ttext-align: center;\n\t\t\t\twidth: 33%;\n\t\t\t}\n\t\t\t#gallery-1 img {\n\t\t\t\tborder: 2px solid #cfcfcf;\n\t\t\t}\n\t\t\t#gallery-1 .gallery-caption {\n\t\t\t\tmargin-left: 0;\n\t\t\t}\n\t\t\t\/* see gallery_shortcode() in wp-includes\/media.php *\/\n\t\t<\/style>\n\t\t<div id='gallery-1' class='gallery galleryid-81498 gallery-columns-3 gallery-size-thumbnail'><dl class='gallery-item'>\n\t\t\t<dt class='gallery-icon landscape'>\n\t\t\t\t<a href='https:\/\/www.sudoestehoje.com.br\/novoportal\/2019\/08\/10\/itapetinga-nova-sede-do-ministerio-publico-esta-quase-pronta-e-deve-ser-inaugurada-ainda-em-agosto\/mp-6\/'><img loading=\"lazy\" decoding=\"async\" width=\"150\" height=\"150\" src=\"https:\/\/www.sudoestehoje.com.br\/novoportal\/wp-content\/uploads\/2019\/08\/mp-6-150x150.jpg\" class=\"attachment-thumbnail size-thumbnail\" alt=\"\" \/><\/a>\n\t\t\t<\/dt><\/dl><dl class='gallery-item'>\n\t\t\t<dt class='gallery-icon landscape'>\n\t\t\t\t<a href='https:\/\/www.sudoestehoje.com.br\/novoportal\/2019\/08\/10\/itapetinga-nova-sede-do-ministerio-publico-esta-quase-pronta-e-deve-ser-inaugurada-ainda-em-agosto\/mp-5\/'><img loading=\"lazy\" decoding=\"async\" width=\"150\" height=\"150\" src=\"https:\/\/www.sudoestehoje.com.br\/novoportal\/wp-content\/uploads\/2019\/08\/mp-5-150x150.jpg\" class=\"attachment-thumbnail size-thumbnail\" alt=\"\" \/><\/a>\n\t\t\t<\/dt><\/dl><dl class='gallery-item'>\n\t\t\t<dt class='gallery-icon landscape'>\n\t\t\t\t<a href='https:\/\/www.sudoestehoje.com.br\/novoportal\/2019\/08\/10\/itapetinga-nova-sede-do-ministerio-publico-esta-quase-pronta-e-deve-ser-inaugurada-ainda-em-agosto\/mp-3\/'><img loading=\"lazy\" decoding=\"async\" width=\"150\" height=\"150\" src=\"https:\/\/www.sudoestehoje.com.br\/novoportal\/wp-content\/uploads\/2019\/08\/mp-3-150x150.jpg\" class=\"attachment-thumbnail size-thumbnail\" alt=\"\" \/><\/a>\n\t\t\t<\/dt><\/dl><br style=\"clear: both\" \/>\n\t\t<\/div>\n\n<p><strong><em>Por Davi Ferraz\u00a0<\/em><\/strong><\/p>\n","protected":false},"excerpt":{"rendered":"<p>Mais uma conquista do munic\u00edpio de Itapetinga, a sede pr\u00f3pria do Minist\u00e9rio P\u00fablico da Bahia, est\u00e1 prestes a ser alcan\u00e7ada.\u00a0As obras de constru\u00e7\u00e3o est\u00e3o na fase final e a inaugura\u00e7\u00e3o, de acordo com informa\u00e7\u00f5es colhidas pelo Sudoeste Hoje, dever\u00e1 acontecer ainda neste m\u00eas de agosto. Desde que foi instalada no munic\u00edpio, a promotoria local sempre [&hellip;]<\/p>\n","protected":false},"author":2,"featured_media":81505,"comment_status":"open","ping_status":"open","sticky":false,"template":"","format":"standard","meta":{"footnotes":"","_links_to":"","_links_to_target":""},"categories":[1],"tags":[],"class_list":["post-81498","post","type-post","status-publish","format-standard","has-post-thumbnail","hentry","category-geral"],"views":1187,"_links":{"self":[{"href":"https:\/\/www.sudoestehoje.com.br\/novoportal\/wp-json\/wp\/v2\/posts\/81498","targetHints":{"allow":["GET"]}}],"collection":[{"href":"https:\/\/www.sudoestehoje.com.br\/novoportal\/wp-json\/wp\/v2\/posts"}],"about":[{"href":"https:\/\/www.sudoestehoje.com.br\/novoportal\/wp-json\/wp\/v2\/types\/post"}],"author":[{"embeddable":true,"href":"https:\/\/www.sudoestehoje.com.br\/novoportal\/wp-json\/wp\/v2\/users\/2"}],"replies":[{"embeddable":true,"href":"https:\/\/www.sudoestehoje.com.br\/novoportal\/wp-json\/wp\/v2\/comments?post=81498"}],"version-history":[{"count":5,"href":"https:\/\/www.sudoestehoje.com.br\/novoportal\/wp-json\/wp\/v2\/posts\/81498\/revisions"}],"predecessor-version":[{"id":81509,"href":"https:\/\/www.sudoestehoje.com.br\/novoportal\/wp-json\/wp\/v2\/posts\/81498\/revisions\/81509"}],"wp:featuredmedia":[{"embeddable":true,"href":"https:\/\/www.sudoestehoje.com.br\/novoportal\/wp-json\/wp\/v2\/media\/81505"}],"wp:attachment":[{"href":"https:\/\/www.sudoestehoje.com.br\/novoportal\/wp-json\/wp\/v2\/media?parent=81498"}],"wp:term":[{"taxonomy":"category","embeddable":true,"href":"https:\/\/www.sudoestehoje.com.br\/novoportal\/wp-json\/wp\/v2\/categories?post=81498"},{"taxonomy":"post_tag","embeddable":true,"href":"https:\/\/www.sudoestehoje.com.br\/novoportal\/wp-json\/wp\/v2\/tags?post=81498"}],"curies":[{"name":"wp","href":"https:\/\/api.w.org\/{rel}","templated":true}]}}