
{"id":81493,"date":"2019-08-10T20:10:58","date_gmt":"2019-08-10T23:10:58","guid":{"rendered":"https:\/\/www.sudoestehoje.com.br\/novoportal\/?p=81493"},"modified":"2019-08-10T20:10:58","modified_gmt":"2019-08-10T23:10:58","slug":"decisao-do-stf-em-revogar-prisao-preventiva-de-traficante-da-esperanca-a-geddel","status":"publish","type":"post","link":"https:\/\/www.sudoestehoje.com.br\/novoportal\/2019\/08\/10\/decisao-do-stf-em-revogar-prisao-preventiva-de-traficante-da-esperanca-a-geddel\/","title":{"rendered":"DECIS\u00c3O DO STF EM REVOGAR PRIS\u00c3O PREVENTIVA DE TRAFICANTE D\u00c1 ESPERAN\u00c7A A GEDDEL"},"content":{"rendered":"<p><a href=\"https:\/\/www.sudoestehoje.com.br\/novoportal\/wp-content\/uploads\/2019\/08\/Geddel-1000x530.jpg\"><img loading=\"lazy\" decoding=\"async\" class=\"aligncenter size-medium wp-image-81494\" src=\"https:\/\/www.sudoestehoje.com.br\/novoportal\/wp-content\/uploads\/2019\/08\/Geddel-1000x530-500x265.jpg\" alt=\"\" width=\"500\" height=\"265\" srcset=\"https:\/\/www.sudoestehoje.com.br\/novoportal\/wp-content\/uploads\/2019\/08\/Geddel-1000x530-500x265.jpg 500w, https:\/\/www.sudoestehoje.com.br\/novoportal\/wp-content\/uploads\/2019\/08\/Geddel-1000x530-768x407.jpg 768w, https:\/\/www.sudoestehoje.com.br\/novoportal\/wp-content\/uploads\/2019\/08\/Geddel-1000x530-700x371.jpg 700w, https:\/\/www.sudoestehoje.com.br\/novoportal\/wp-content\/uploads\/2019\/08\/Geddel-1000x530.jpg 1000w\" sizes=\"auto, (max-width: 500px) 100vw, 500px\" \/><\/a><\/p>\n<p>O juiz Marco Aur\u00e9lio Mello, do Supremo Tribunal Federal, revogou a pris\u00e3o preventiva do traficante Elias Maluco por consider\u00e1-la longa demais. Com essa decis\u00e3o, o ex-ministro Geddel Vieira Lima ganha nova perspectiva de sair da cadeia. O pol\u00edtico enfrenta a pris\u00e3o preventiva mais longa de toda a Lava Jato: quase dois anos.<\/p>\n<p>Ele espera que com base na mesma decis\u00e3o, o STF acate o seu recurso e o conceda liberdade. O pedido de habeas corpus j\u00e1 foi feito pela sua defesa.<\/p>\n<p>Segundo a revista Veja, o ex-ministro baiano l\u00ea e estuda para abreviar o seu tempo de pris\u00e3o. Um dos \u00faltimos livros foi \u201cCrime e Castigo\u201d. Geddel fez um resumo da obra e pediu \u00e0 Justi\u00e7a a remi\u00e7\u00e3o de quatro dias do tempo que passar\u00e1 atr\u00e1s das grades. <em>\/\/Toda Bahia<\/em><\/p>\n","protected":false},"excerpt":{"rendered":"<p>O juiz Marco Aur\u00e9lio Mello, do Supremo Tribunal Federal, revogou a pris\u00e3o preventiva do traficante Elias Maluco por consider\u00e1-la longa demais. Com essa decis\u00e3o, o ex-ministro Geddel Vieira Lima ganha nova perspectiva de sair da cadeia. O pol\u00edtico enfrenta a pris\u00e3o preventiva mais longa de toda a Lava Jato: quase dois anos. Ele espera que [&hellip;]<\/p>\n","protected":false},"author":2,"featured_media":81494,"comment_status":"open","ping_status":"open","sticky":false,"template":"","format":"standard","meta":{"footnotes":"","_links_to":"","_links_to_target":""},"categories":[1],"tags":[],"class_list":["post-81493","post","type-post","status-publish","format-standard","has-post-thumbnail","hentry","category-geral"],"views":1080,"_links":{"self":[{"href":"https:\/\/www.sudoestehoje.com.br\/novoportal\/wp-json\/wp\/v2\/posts\/81493","targetHints":{"allow":["GET"]}}],"collection":[{"href":"https:\/\/www.sudoestehoje.com.br\/novoportal\/wp-json\/wp\/v2\/posts"}],"about":[{"href":"https:\/\/www.sudoestehoje.com.br\/novoportal\/wp-json\/wp\/v2\/types\/post"}],"author":[{"embeddable":true,"href":"https:\/\/www.sudoestehoje.com.br\/novoportal\/wp-json\/wp\/v2\/users\/2"}],"replies":[{"embeddable":true,"href":"https:\/\/www.sudoestehoje.com.br\/novoportal\/wp-json\/wp\/v2\/comments?post=81493"}],"version-history":[{"count":2,"href":"https:\/\/www.sudoestehoje.com.br\/novoportal\/wp-json\/wp\/v2\/posts\/81493\/revisions"}],"predecessor-version":[{"id":81496,"href":"https:\/\/www.sudoestehoje.com.br\/novoportal\/wp-json\/wp\/v2\/posts\/81493\/revisions\/81496"}],"wp:featuredmedia":[{"embeddable":true,"href":"https:\/\/www.sudoestehoje.com.br\/novoportal\/wp-json\/wp\/v2\/media\/81494"}],"wp:attachment":[{"href":"https:\/\/www.sudoestehoje.com.br\/novoportal\/wp-json\/wp\/v2\/media?parent=81493"}],"wp:term":[{"taxonomy":"category","embeddable":true,"href":"https:\/\/www.sudoestehoje.com.br\/novoportal\/wp-json\/wp\/v2\/categories?post=81493"},{"taxonomy":"post_tag","embeddable":true,"href":"https:\/\/www.sudoestehoje.com.br\/novoportal\/wp-json\/wp\/v2\/tags?post=81493"}],"curies":[{"name":"wp","href":"https:\/\/api.w.org\/{rel}","templated":true}]}}