
{"id":81483,"date":"2019-08-08T22:01:44","date_gmt":"2019-08-09T01:01:44","guid":{"rendered":"https:\/\/www.sudoestehoje.com.br\/novoportal\/?p=81483"},"modified":"2019-08-08T22:01:44","modified_gmt":"2019-08-09T01:01:44","slug":"rio-de-janeiro-viaduto-cai-sobre-caminhao-e-mata-duas-pessoas","status":"publish","type":"post","link":"https:\/\/www.sudoestehoje.com.br\/novoportal\/2019\/08\/08\/rio-de-janeiro-viaduto-cai-sobre-caminhao-e-mata-duas-pessoas\/","title":{"rendered":"RIO DE JANEIRO: VIADUTO CAI SOBRE CAMINH\u00c3O E MATA DUAS PESSOAS"},"content":{"rendered":"<p><a href=\"https:\/\/www.sudoestehoje.com.br\/novoportal\/wp-content\/uploads\/2019\/08\/viaduto-cai-Rio.jpg\"><img loading=\"lazy\" decoding=\"async\" class=\"aligncenter size-medium wp-image-81484\" src=\"https:\/\/www.sudoestehoje.com.br\/novoportal\/wp-content\/uploads\/2019\/08\/viaduto-cai-Rio-500x265.jpg\" alt=\"\" width=\"500\" height=\"265\" srcset=\"https:\/\/www.sudoestehoje.com.br\/novoportal\/wp-content\/uploads\/2019\/08\/viaduto-cai-Rio-500x265.jpg 500w, https:\/\/www.sudoestehoje.com.br\/novoportal\/wp-content\/uploads\/2019\/08\/viaduto-cai-Rio-768x407.jpg 768w, https:\/\/www.sudoestehoje.com.br\/novoportal\/wp-content\/uploads\/2019\/08\/viaduto-cai-Rio-700x371.jpg 700w, https:\/\/www.sudoestehoje.com.br\/novoportal\/wp-content\/uploads\/2019\/08\/viaduto-cai-Rio.jpg 1000w\" sizes=\"auto, (max-width: 500px) 100vw, 500px\" \/><\/a><\/p>\n<p>Parte de um viaduto caiu no in\u00edcio da noite desta quinta-feira (8) em Coelho Neto, na Zona Norte do Rio. Segundo as primeiras informa\u00e7\u00f5es conformadas pelo Corpo de Bombeiros, duas pessoas morreram.<\/p>\n<p>A queda aconteceu pr\u00f3ximo ao n\u00famero 2.055 da Avenida Brasil, depois da Passarela 28. Al\u00e9m dos bombeiros, a Pol\u00edcia Militar e a CET-Rio tamb\u00e9m est\u00e3o no local. Militares do Quartel de Iraj\u00e1 dos Bombeiros foram acionados por volta das 19h05 para a ocorr\u00eancia.<\/p>\n","protected":false},"excerpt":{"rendered":"<p>Parte de um viaduto caiu no in\u00edcio da noite desta quinta-feira (8) em Coelho Neto, na Zona Norte do Rio. Segundo as primeiras informa\u00e7\u00f5es conformadas pelo Corpo de Bombeiros, duas pessoas morreram. A queda aconteceu pr\u00f3ximo ao n\u00famero 2.055 da Avenida Brasil, depois da Passarela 28. Al\u00e9m dos bombeiros, a Pol\u00edcia Militar e a CET-Rio [&hellip;]<\/p>\n","protected":false},"author":2,"featured_media":81484,"comment_status":"open","ping_status":"open","sticky":false,"template":"","format":"standard","meta":{"footnotes":"","_links_to":"","_links_to_target":""},"categories":[1],"tags":[],"class_list":["post-81483","post","type-post","status-publish","format-standard","has-post-thumbnail","hentry","category-geral"],"views":721,"_links":{"self":[{"href":"https:\/\/www.sudoestehoje.com.br\/novoportal\/wp-json\/wp\/v2\/posts\/81483","targetHints":{"allow":["GET"]}}],"collection":[{"href":"https:\/\/www.sudoestehoje.com.br\/novoportal\/wp-json\/wp\/v2\/posts"}],"about":[{"href":"https:\/\/www.sudoestehoje.com.br\/novoportal\/wp-json\/wp\/v2\/types\/post"}],"author":[{"embeddable":true,"href":"https:\/\/www.sudoestehoje.com.br\/novoportal\/wp-json\/wp\/v2\/users\/2"}],"replies":[{"embeddable":true,"href":"https:\/\/www.sudoestehoje.com.br\/novoportal\/wp-json\/wp\/v2\/comments?post=81483"}],"version-history":[{"count":1,"href":"https:\/\/www.sudoestehoje.com.br\/novoportal\/wp-json\/wp\/v2\/posts\/81483\/revisions"}],"predecessor-version":[{"id":81485,"href":"https:\/\/www.sudoestehoje.com.br\/novoportal\/wp-json\/wp\/v2\/posts\/81483\/revisions\/81485"}],"wp:featuredmedia":[{"embeddable":true,"href":"https:\/\/www.sudoestehoje.com.br\/novoportal\/wp-json\/wp\/v2\/media\/81484"}],"wp:attachment":[{"href":"https:\/\/www.sudoestehoje.com.br\/novoportal\/wp-json\/wp\/v2\/media?parent=81483"}],"wp:term":[{"taxonomy":"category","embeddable":true,"href":"https:\/\/www.sudoestehoje.com.br\/novoportal\/wp-json\/wp\/v2\/categories?post=81483"},{"taxonomy":"post_tag","embeddable":true,"href":"https:\/\/www.sudoestehoje.com.br\/novoportal\/wp-json\/wp\/v2\/tags?post=81483"}],"curies":[{"name":"wp","href":"https:\/\/api.w.org\/{rel}","templated":true}]}}