
{"id":81477,"date":"2019-08-08T18:33:42","date_gmt":"2019-08-08T21:33:42","guid":{"rendered":"https:\/\/www.sudoestehoje.com.br\/novoportal\/?p=81477"},"modified":"2019-08-08T18:33:42","modified_gmt":"2019-08-08T21:33:42","slug":"conquista-estudante-de-12-anos-morre-atropelada-por-caminhao-ao-sair-da-escola","status":"publish","type":"post","link":"https:\/\/www.sudoestehoje.com.br\/novoportal\/2019\/08\/08\/conquista-estudante-de-12-anos-morre-atropelada-por-caminhao-ao-sair-da-escola\/","title":{"rendered":"CONQUISTA: ESTUDANTE DE 12 ANOS MORRE ATROPELADA POR CAMINH\u00c3O AO SAIR DA ESCOLA"},"content":{"rendered":"<p><a href=\"https:\/\/www.sudoestehoje.com.br\/novoportal\/wp-content\/uploads\/2019\/08\/ESTUDANTE-MORRE-ATROPELADA.jpg\"><img loading=\"lazy\" decoding=\"async\" class=\"aligncenter size-medium wp-image-81479\" src=\"https:\/\/www.sudoestehoje.com.br\/novoportal\/wp-content\/uploads\/2019\/08\/ESTUDANTE-MORRE-ATROPELADA-500x284.jpg\" alt=\"\" width=\"500\" height=\"284\" srcset=\"https:\/\/www.sudoestehoje.com.br\/novoportal\/wp-content\/uploads\/2019\/08\/ESTUDANTE-MORRE-ATROPELADA-500x284.jpg 500w, https:\/\/www.sudoestehoje.com.br\/novoportal\/wp-content\/uploads\/2019\/08\/ESTUDANTE-MORRE-ATROPELADA.jpg 650w\" sizes=\"auto, (max-width: 500px) 100vw, 500px\" \/><\/a><\/p>\n<p>Uma trag\u00e9dia abalou a cidade de Vitoria da Conquista nesta quinta-feira (08), por volta do meio-dia. Uma adolescente de apenas 12 anos morreu atropelada no Bairro Campinhos, quando acabava de sair do Col\u00e9gio Fernando Sp\u00ednola, onde estudava.<\/p>\n<p>A jovem foi identificada como Vit\u00f3ria onde estudava e seguia de bicicleta para casa, quando foi atingida por um caminh\u00e3o ba\u00fa. Ela teve morte instant\u00e2nea, ao ter a cabe\u00e7a esmagada pelos pneus do ve\u00edculo.<\/p>\n<p><a href=\"https:\/\/www.sudoestehoje.com.br\/novoportal\/wp-content\/uploads\/2019\/08\/ESTUDANTE-ATROPELADA-1.jpg\"><img loading=\"lazy\" decoding=\"async\" class=\"aligncenter size-medium wp-image-81480\" src=\"https:\/\/www.sudoestehoje.com.br\/novoportal\/wp-content\/uploads\/2019\/08\/ESTUDANTE-ATROPELADA-1-500x333.jpg\" alt=\"\" width=\"500\" height=\"333\" srcset=\"https:\/\/www.sudoestehoje.com.br\/novoportal\/wp-content\/uploads\/2019\/08\/ESTUDANTE-ATROPELADA-1-500x333.jpg 500w, https:\/\/www.sudoestehoje.com.br\/novoportal\/wp-content\/uploads\/2019\/08\/ESTUDANTE-ATROPELADA-1.jpg 600w\" sizes=\"auto, (max-width: 500px) 100vw, 500px\" \/><\/a><\/p>\n<p>O motorista permaneceu no local, at\u00e9 a chegada do Samu 192 e Pol\u00edcia Militar.\u00a0Ap\u00f3s per\u00edcia do Departamento de Pol\u00edcia T\u00e9cnica, o corpo foi removido para o IML.<\/p>\n<p>O motorista do caminh\u00e3o foi encaminhado para a delegacia para prestar esclarecimentos a cerca do acidente.<\/p>\n","protected":false},"excerpt":{"rendered":"<p>Uma trag\u00e9dia abalou a cidade de Vitoria da Conquista nesta quinta-feira (08), por volta do meio-dia. Uma adolescente de apenas 12 anos morreu atropelada no Bairro Campinhos, quando acabava de sair do Col\u00e9gio Fernando Sp\u00ednola, onde estudava. A jovem foi identificada como Vit\u00f3ria onde estudava e seguia de bicicleta para casa, quando foi atingida por [&hellip;]<\/p>\n","protected":false},"author":2,"featured_media":81479,"comment_status":"open","ping_status":"open","sticky":false,"template":"","format":"standard","meta":{"footnotes":"","_links_to":"","_links_to_target":""},"categories":[1],"tags":[],"class_list":["post-81477","post","type-post","status-publish","format-standard","has-post-thumbnail","hentry","category-geral"],"views":1456,"_links":{"self":[{"href":"https:\/\/www.sudoestehoje.com.br\/novoportal\/wp-json\/wp\/v2\/posts\/81477","targetHints":{"allow":["GET"]}}],"collection":[{"href":"https:\/\/www.sudoestehoje.com.br\/novoportal\/wp-json\/wp\/v2\/posts"}],"about":[{"href":"https:\/\/www.sudoestehoje.com.br\/novoportal\/wp-json\/wp\/v2\/types\/post"}],"author":[{"embeddable":true,"href":"https:\/\/www.sudoestehoje.com.br\/novoportal\/wp-json\/wp\/v2\/users\/2"}],"replies":[{"embeddable":true,"href":"https:\/\/www.sudoestehoje.com.br\/novoportal\/wp-json\/wp\/v2\/comments?post=81477"}],"version-history":[{"count":2,"href":"https:\/\/www.sudoestehoje.com.br\/novoportal\/wp-json\/wp\/v2\/posts\/81477\/revisions"}],"predecessor-version":[{"id":81481,"href":"https:\/\/www.sudoestehoje.com.br\/novoportal\/wp-json\/wp\/v2\/posts\/81477\/revisions\/81481"}],"wp:featuredmedia":[{"embeddable":true,"href":"https:\/\/www.sudoestehoje.com.br\/novoportal\/wp-json\/wp\/v2\/media\/81479"}],"wp:attachment":[{"href":"https:\/\/www.sudoestehoje.com.br\/novoportal\/wp-json\/wp\/v2\/media?parent=81477"}],"wp:term":[{"taxonomy":"category","embeddable":true,"href":"https:\/\/www.sudoestehoje.com.br\/novoportal\/wp-json\/wp\/v2\/categories?post=81477"},{"taxonomy":"post_tag","embeddable":true,"href":"https:\/\/www.sudoestehoje.com.br\/novoportal\/wp-json\/wp\/v2\/tags?post=81477"}],"curies":[{"name":"wp","href":"https:\/\/api.w.org\/{rel}","templated":true}]}}