
{"id":81455,"date":"2019-08-07T22:20:42","date_gmt":"2019-08-08T01:20:42","guid":{"rendered":"https:\/\/www.sudoestehoje.com.br\/novoportal\/?p=81455"},"modified":"2019-08-07T22:20:42","modified_gmt":"2019-08-08T01:20:42","slug":"prefeito-rodrigo-hagge-retorna-a-itapetinga-na-proxima-sexta-feira-e-reassume-mandato-na-segunda","status":"publish","type":"post","link":"https:\/\/www.sudoestehoje.com.br\/novoportal\/2019\/08\/07\/prefeito-rodrigo-hagge-retorna-a-itapetinga-na-proxima-sexta-feira-e-reassume-mandato-na-segunda\/","title":{"rendered":"PREFEITO RODRIGO HAGGE RETORNA A ITAPETINGA NA PR\u00d3XIMA SEXTA-FEIRA E REASSUME MANDATO NA SEGUNDA"},"content":{"rendered":"<p><a href=\"https:\/\/www.sudoestehoje.com.br\/novoportal\/wp-content\/uploads\/2019\/08\/rodrigo-e-renan-1.jpg\"><img loading=\"lazy\" decoding=\"async\" class=\"aligncenter size-medium wp-image-81457\" src=\"https:\/\/www.sudoestehoje.com.br\/novoportal\/wp-content\/uploads\/2019\/08\/rodrigo-e-renan-1-500x300.jpg\" alt=\"\" width=\"500\" height=\"300\" srcset=\"https:\/\/www.sudoestehoje.com.br\/novoportal\/wp-content\/uploads\/2019\/08\/rodrigo-e-renan-1-500x300.jpg 500w, https:\/\/www.sudoestehoje.com.br\/novoportal\/wp-content\/uploads\/2019\/08\/rodrigo-e-renan-1-768x461.jpg 768w, https:\/\/www.sudoestehoje.com.br\/novoportal\/wp-content\/uploads\/2019\/08\/rodrigo-e-renan-1-700x420.jpg 700w, https:\/\/www.sudoestehoje.com.br\/novoportal\/wp-content\/uploads\/2019\/08\/rodrigo-e-renan-1.jpg 960w\" sizes=\"auto, (max-width: 500px) 100vw, 500px\" \/><\/a><\/p>\n<p>Depois de um curto per\u00edodo de afastamento do cargo de prefeito, para acompanhar o nascimento da sua filha e assist\u00eancia \u00e0 fam\u00edlia, em Salvador, o prefeito de Itapetinga, Rodrigo Hagge (MDB), retornar\u00e1 ao munic\u00edpio na pr\u00f3xima sexta-feira (9), para reassumir o seu mandato j\u00e1 na pr\u00f3xima segunda-feira (12).<\/p>\n<p>Durante o afastamento do prefeito Rodrigo, assumiu interinamente o cargo o vice-prefeito Renan Pereira (DEM), que exerceu a fun\u00e7\u00e3o com dinamismo e equil\u00edbrio.<\/p>\n<p>O retorno \u00e0s suas atividades foi confirmado ao<strong><em> Sudoeste Hoje<\/em><\/strong> pelo pr\u00f3prio prefeito Rodrigo, na noite desta quarta-feira.<\/p>\n<p><em><strong>Por Davi Ferraz<\/strong><\/em><\/p>\n","protected":false},"excerpt":{"rendered":"<p>Depois de um curto per\u00edodo de afastamento do cargo de prefeito, para acompanhar o nascimento da sua filha e assist\u00eancia \u00e0 fam\u00edlia, em Salvador, o prefeito de Itapetinga, Rodrigo Hagge (MDB), retornar\u00e1 ao munic\u00edpio na pr\u00f3xima sexta-feira (9), para reassumir o seu mandato j\u00e1 na pr\u00f3xima segunda-feira (12). Durante o afastamento do prefeito Rodrigo, assumiu [&hellip;]<\/p>\n","protected":false},"author":2,"featured_media":81457,"comment_status":"open","ping_status":"open","sticky":false,"template":"","format":"standard","meta":{"footnotes":"","_links_to":"","_links_to_target":""},"categories":[1],"tags":[],"class_list":["post-81455","post","type-post","status-publish","format-standard","has-post-thumbnail","hentry","category-geral"],"views":768,"_links":{"self":[{"href":"https:\/\/www.sudoestehoje.com.br\/novoportal\/wp-json\/wp\/v2\/posts\/81455","targetHints":{"allow":["GET"]}}],"collection":[{"href":"https:\/\/www.sudoestehoje.com.br\/novoportal\/wp-json\/wp\/v2\/posts"}],"about":[{"href":"https:\/\/www.sudoestehoje.com.br\/novoportal\/wp-json\/wp\/v2\/types\/post"}],"author":[{"embeddable":true,"href":"https:\/\/www.sudoestehoje.com.br\/novoportal\/wp-json\/wp\/v2\/users\/2"}],"replies":[{"embeddable":true,"href":"https:\/\/www.sudoestehoje.com.br\/novoportal\/wp-json\/wp\/v2\/comments?post=81455"}],"version-history":[{"count":3,"href":"https:\/\/www.sudoestehoje.com.br\/novoportal\/wp-json\/wp\/v2\/posts\/81455\/revisions"}],"predecessor-version":[{"id":81459,"href":"https:\/\/www.sudoestehoje.com.br\/novoportal\/wp-json\/wp\/v2\/posts\/81455\/revisions\/81459"}],"wp:featuredmedia":[{"embeddable":true,"href":"https:\/\/www.sudoestehoje.com.br\/novoportal\/wp-json\/wp\/v2\/media\/81457"}],"wp:attachment":[{"href":"https:\/\/www.sudoestehoje.com.br\/novoportal\/wp-json\/wp\/v2\/media?parent=81455"}],"wp:term":[{"taxonomy":"category","embeddable":true,"href":"https:\/\/www.sudoestehoje.com.br\/novoportal\/wp-json\/wp\/v2\/categories?post=81455"},{"taxonomy":"post_tag","embeddable":true,"href":"https:\/\/www.sudoestehoje.com.br\/novoportal\/wp-json\/wp\/v2\/tags?post=81455"}],"curies":[{"name":"wp","href":"https:\/\/api.w.org\/{rel}","templated":true}]}}