
{"id":81450,"date":"2019-08-07T17:57:49","date_gmt":"2019-08-07T20:57:49","guid":{"rendered":"https:\/\/www.sudoestehoje.com.br\/novoportal\/?p=81450"},"modified":"2019-08-07T17:57:49","modified_gmt":"2019-08-07T20:57:49","slug":"maioria-do-stf-mantem-lula-preso-em-curitiba-transferencia-foi-barrada","status":"publish","type":"post","link":"https:\/\/www.sudoestehoje.com.br\/novoportal\/2019\/08\/07\/maioria-do-stf-mantem-lula-preso-em-curitiba-transferencia-foi-barrada\/","title":{"rendered":"MAIORIA DO STF MANT\u00c9M LULA PRESO EM CURITIBA; TRANSFER\u00caNCIA FOI BARRADA"},"content":{"rendered":"<p><a href=\"https:\/\/www.sudoestehoje.com.br\/novoportal\/wp-content\/uploads\/2019\/08\/lula-1.jpg\"><img loading=\"lazy\" decoding=\"async\" class=\"aligncenter size-medium wp-image-81453\" src=\"https:\/\/www.sudoestehoje.com.br\/novoportal\/wp-content\/uploads\/2019\/08\/lula-1-500x333.jpg\" alt=\"\" width=\"500\" height=\"333\" srcset=\"https:\/\/www.sudoestehoje.com.br\/novoportal\/wp-content\/uploads\/2019\/08\/lula-1-500x333.jpg 500w, https:\/\/www.sudoestehoje.com.br\/novoportal\/wp-content\/uploads\/2019\/08\/lula-1.jpg 680w\" sizes=\"auto, (max-width: 500px) 100vw, 500px\" \/><\/a><\/p>\n<p>A maioria do plen\u00e1rio do\u00a0<strong>Supremo Tribunal Federal<\/strong>\u00a0acaba de rejeitar a transfer\u00eancia do ex-presidente Luiz In\u00e1cio Lula da Silva para a penitenci\u00e1ria II de Trememb\u00e9, no interior de S\u00e3o Paulo.<\/p>\n<p>Com isso, Lula continuar\u00e1 na superintend\u00eancia da Pol\u00edcia Federal em Curitiba, contrariando a decis\u00e3o da ju\u00edza Carolina Lebbos, da Justi\u00e7a Federal de Curitiba, tomada nesta quarta-feira.<\/p>\n<p>O ministro\u00a0<strong>Edson Fachin<\/strong>, relator dos casos da Opera\u00e7\u00e3o Lava Jato, foi o primeiro a votar contra a remo\u00e7\u00e3o, sendo seguido depois pelos outros ministros da Corte.<\/p>\n<p>O caso foi decidido de forma c\u00e9lere, conforme prometeu o presidente do Supremo, ministro Dias Toffoli, a deputados de partidos de esquerda em reuni\u00e3o nesta tarde.<\/p>\n","protected":false},"excerpt":{"rendered":"<p>A maioria do plen\u00e1rio do\u00a0Supremo Tribunal Federal\u00a0acaba de rejeitar a transfer\u00eancia do ex-presidente Luiz In\u00e1cio Lula da Silva para a penitenci\u00e1ria II de Trememb\u00e9, no interior de S\u00e3o Paulo. Com isso, Lula continuar\u00e1 na superintend\u00eancia da Pol\u00edcia Federal em Curitiba, contrariando a decis\u00e3o da ju\u00edza Carolina Lebbos, da Justi\u00e7a Federal de Curitiba, tomada nesta quarta-feira. [&hellip;]<\/p>\n","protected":false},"author":2,"featured_media":81453,"comment_status":"open","ping_status":"open","sticky":false,"template":"","format":"standard","meta":{"footnotes":"","_links_to":"","_links_to_target":""},"categories":[1],"tags":[],"class_list":["post-81450","post","type-post","status-publish","format-standard","has-post-thumbnail","hentry","category-geral"],"views":729,"_links":{"self":[{"href":"https:\/\/www.sudoestehoje.com.br\/novoportal\/wp-json\/wp\/v2\/posts\/81450","targetHints":{"allow":["GET"]}}],"collection":[{"href":"https:\/\/www.sudoestehoje.com.br\/novoportal\/wp-json\/wp\/v2\/posts"}],"about":[{"href":"https:\/\/www.sudoestehoje.com.br\/novoportal\/wp-json\/wp\/v2\/types\/post"}],"author":[{"embeddable":true,"href":"https:\/\/www.sudoestehoje.com.br\/novoportal\/wp-json\/wp\/v2\/users\/2"}],"replies":[{"embeddable":true,"href":"https:\/\/www.sudoestehoje.com.br\/novoportal\/wp-json\/wp\/v2\/comments?post=81450"}],"version-history":[{"count":3,"href":"https:\/\/www.sudoestehoje.com.br\/novoportal\/wp-json\/wp\/v2\/posts\/81450\/revisions"}],"predecessor-version":[{"id":81454,"href":"https:\/\/www.sudoestehoje.com.br\/novoportal\/wp-json\/wp\/v2\/posts\/81450\/revisions\/81454"}],"wp:featuredmedia":[{"embeddable":true,"href":"https:\/\/www.sudoestehoje.com.br\/novoportal\/wp-json\/wp\/v2\/media\/81453"}],"wp:attachment":[{"href":"https:\/\/www.sudoestehoje.com.br\/novoportal\/wp-json\/wp\/v2\/media?parent=81450"}],"wp:term":[{"taxonomy":"category","embeddable":true,"href":"https:\/\/www.sudoestehoje.com.br\/novoportal\/wp-json\/wp\/v2\/categories?post=81450"},{"taxonomy":"post_tag","embeddable":true,"href":"https:\/\/www.sudoestehoje.com.br\/novoportal\/wp-json\/wp\/v2\/tags?post=81450"}],"curies":[{"name":"wp","href":"https:\/\/api.w.org\/{rel}","templated":true}]}}