
{"id":81444,"date":"2019-08-07T13:39:58","date_gmt":"2019-08-07T16:39:58","guid":{"rendered":"https:\/\/www.sudoestehoje.com.br\/novoportal\/?p=81444"},"modified":"2019-08-07T13:39:58","modified_gmt":"2019-08-07T16:39:58","slug":"juiza-autoriza-transferencia-de-lula-para-presidio-em-sao-paulo","status":"publish","type":"post","link":"https:\/\/www.sudoestehoje.com.br\/novoportal\/2019\/08\/07\/juiza-autoriza-transferencia-de-lula-para-presidio-em-sao-paulo\/","title":{"rendered":"JU\u00cdZA AUTORIZA TRANSFER\u00caNCIA DE LULA PARA PRES\u00cdDIO EM S\u00c3O PAULO"},"content":{"rendered":"<p><a href=\"https:\/\/www.sudoestehoje.com.br\/novoportal\/wp-content\/uploads\/2019\/08\/Lula-enterro-irma\u0303o.png\"><img loading=\"lazy\" decoding=\"async\" class=\"aligncenter size-medium wp-image-81445\" src=\"https:\/\/www.sudoestehoje.com.br\/novoportal\/wp-content\/uploads\/2019\/08\/Lula-enterro-irma\u0303o-500x350.png\" alt=\"\" width=\"500\" height=\"350\" srcset=\"https:\/\/www.sudoestehoje.com.br\/novoportal\/wp-content\/uploads\/2019\/08\/Lula-enterro-irma\u0303o-500x350.png 500w, https:\/\/www.sudoestehoje.com.br\/novoportal\/wp-content\/uploads\/2019\/08\/Lula-enterro-irma\u0303o.png 600w\" sizes=\"auto, (max-width: 500px) 100vw, 500px\" \/><\/a><\/p>\n<p>A transfer\u00eancia do ex-presidente Luiz In\u00e1cio Lula da Silva, que est\u00e1 preso na carceragem da Pol\u00edcia Federal (PF), em Curitiba, para um pres\u00eddio em S\u00e3o Paulo, foi autorizada pela ju\u00edza Carolina Lebbos.<\/p>\n<p>De acordo com o portal G1, a decis\u00e3o foi publicada no sistema da Justi\u00e7a Federal do Paran\u00e1 \u00e0s 8h46 desta quarta-feira (7).<\/p>\n<p>A ju\u00edza \u00e9 respons\u00e1vel pela execu\u00e7\u00e3o penal do ex-presidente. Lula est\u00e1 detido em Curitiba desde abril de 2018 para cumprir a pena de 12 anos e 1 m\u00eas de pris\u00e3o pela condena\u00e7\u00e3o no caso do triplex em Guaruj\u00e1 (SP).<\/p>\n","protected":false},"excerpt":{"rendered":"<p>A transfer\u00eancia do ex-presidente Luiz In\u00e1cio Lula da Silva, que est\u00e1 preso na carceragem da Pol\u00edcia Federal (PF), em Curitiba, para um pres\u00eddio em S\u00e3o Paulo, foi autorizada pela ju\u00edza Carolina Lebbos. De acordo com o portal G1, a decis\u00e3o foi publicada no sistema da Justi\u00e7a Federal do Paran\u00e1 \u00e0s 8h46 desta quarta-feira (7). A [&hellip;]<\/p>\n","protected":false},"author":2,"featured_media":81445,"comment_status":"open","ping_status":"open","sticky":false,"template":"","format":"standard","meta":{"footnotes":"","_links_to":"","_links_to_target":""},"categories":[1],"tags":[],"class_list":["post-81444","post","type-post","status-publish","format-standard","has-post-thumbnail","hentry","category-geral"],"views":834,"_links":{"self":[{"href":"https:\/\/www.sudoestehoje.com.br\/novoportal\/wp-json\/wp\/v2\/posts\/81444","targetHints":{"allow":["GET"]}}],"collection":[{"href":"https:\/\/www.sudoestehoje.com.br\/novoportal\/wp-json\/wp\/v2\/posts"}],"about":[{"href":"https:\/\/www.sudoestehoje.com.br\/novoportal\/wp-json\/wp\/v2\/types\/post"}],"author":[{"embeddable":true,"href":"https:\/\/www.sudoestehoje.com.br\/novoportal\/wp-json\/wp\/v2\/users\/2"}],"replies":[{"embeddable":true,"href":"https:\/\/www.sudoestehoje.com.br\/novoportal\/wp-json\/wp\/v2\/comments?post=81444"}],"version-history":[{"count":1,"href":"https:\/\/www.sudoestehoje.com.br\/novoportal\/wp-json\/wp\/v2\/posts\/81444\/revisions"}],"predecessor-version":[{"id":81446,"href":"https:\/\/www.sudoestehoje.com.br\/novoportal\/wp-json\/wp\/v2\/posts\/81444\/revisions\/81446"}],"wp:featuredmedia":[{"embeddable":true,"href":"https:\/\/www.sudoestehoje.com.br\/novoportal\/wp-json\/wp\/v2\/media\/81445"}],"wp:attachment":[{"href":"https:\/\/www.sudoestehoje.com.br\/novoportal\/wp-json\/wp\/v2\/media?parent=81444"}],"wp:term":[{"taxonomy":"category","embeddable":true,"href":"https:\/\/www.sudoestehoje.com.br\/novoportal\/wp-json\/wp\/v2\/categories?post=81444"},{"taxonomy":"post_tag","embeddable":true,"href":"https:\/\/www.sudoestehoje.com.br\/novoportal\/wp-json\/wp\/v2\/tags?post=81444"}],"curies":[{"name":"wp","href":"https:\/\/api.w.org\/{rel}","templated":true}]}}