
{"id":81435,"date":"2019-08-07T11:58:51","date_gmt":"2019-08-07T14:58:51","guid":{"rendered":"https:\/\/www.sudoestehoje.com.br\/novoportal\/?p=81435"},"modified":"2019-08-07T12:07:47","modified_gmt":"2019-08-07T15:07:47","slug":"itapetinga-obras-de-construcao-do-assai-atacadista-avancam-e-inauguracao-sera-em-dezembro","status":"publish","type":"post","link":"https:\/\/www.sudoestehoje.com.br\/novoportal\/2019\/08\/07\/itapetinga-obras-de-construcao-do-assai-atacadista-avancam-e-inauguracao-sera-em-dezembro\/","title":{"rendered":"ITAPETINGA: OBRAS DE CONSTRU\u00c7\u00c3O DO ASSA\u00cd ATACADISTA AVAN\u00c7AM E INAUGURA\u00c7\u00c3O SER\u00c1 EM DEZEMBRO"},"content":{"rendered":"<p><a href=\"https:\/\/www.sudoestehoje.com.br\/novoportal\/wp-content\/uploads\/2019\/08\/terrap-1.jpg\"><img loading=\"lazy\" decoding=\"async\" class=\"aligncenter size-medium wp-image-81436\" src=\"https:\/\/www.sudoestehoje.com.br\/novoportal\/wp-content\/uploads\/2019\/08\/terrap-1-500x375.jpg\" alt=\"\" width=\"500\" height=\"375\" srcset=\"https:\/\/www.sudoestehoje.com.br\/novoportal\/wp-content\/uploads\/2019\/08\/terrap-1-500x375.jpg 500w, https:\/\/www.sudoestehoje.com.br\/novoportal\/wp-content\/uploads\/2019\/08\/terrap-1-768x576.jpg 768w, https:\/\/www.sudoestehoje.com.br\/novoportal\/wp-content\/uploads\/2019\/08\/terrap-1-700x525.jpg 700w, https:\/\/www.sudoestehoje.com.br\/novoportal\/wp-content\/uploads\/2019\/08\/terrap-1.jpg 960w\" sizes=\"auto, (max-width: 500px) 100vw, 500px\" \/><\/a><\/p>\n<p>Est\u00e3o a pleno vapor as obras de terraplenagem do local onde vai ser instalado a ASSA\u00cd ATACADISTA, em Itapetinga, \u00e0s margens da rodovia BA-263. Ap\u00f3s os servi\u00e7os de terraplenagem, ser\u00e1 instalada a base que sustentar\u00e1 a estrutura met\u00e1lica da constru\u00e7\u00e3o, passando, depois, para a fase de implanta\u00e7\u00e3o das instala\u00e7\u00f5es e equipamentos.<\/p>\n<p><a href=\"https:\/\/www.sudoestehoje.com.br\/novoportal\/wp-content\/uploads\/2019\/08\/terrap-2.jpg\"><img loading=\"lazy\" decoding=\"async\" class=\"aligncenter size-medium wp-image-81437\" src=\"https:\/\/www.sudoestehoje.com.br\/novoportal\/wp-content\/uploads\/2019\/08\/terrap-2-500x375.jpg\" alt=\"\" width=\"500\" height=\"375\" srcset=\"https:\/\/www.sudoestehoje.com.br\/novoportal\/wp-content\/uploads\/2019\/08\/terrap-2-500x375.jpg 500w, https:\/\/www.sudoestehoje.com.br\/novoportal\/wp-content\/uploads\/2019\/08\/terrap-2-768x576.jpg 768w, https:\/\/www.sudoestehoje.com.br\/novoportal\/wp-content\/uploads\/2019\/08\/terrap-2-700x525.jpg 700w, https:\/\/www.sudoestehoje.com.br\/novoportal\/wp-content\/uploads\/2019\/08\/terrap-2.jpg 960w\" sizes=\"auto, (max-width: 500px) 100vw, 500px\" \/><\/a><\/p>\n<p>Segundo um dos encarregados no local da obra, o terreno favorece ao tipo de constru\u00e7\u00e3o que ser\u00e1 implantada, e a previs\u00e3o \u00e9 de que o Assa\u00ed seja inaugurado em dezembro deste ano.<\/p>\n<p><a href=\"https:\/\/www.sudoestehoje.com.br\/novoportal\/wp-content\/uploads\/2019\/08\/empregos.jpg\"><img loading=\"lazy\" decoding=\"async\" class=\"aligncenter size-medium wp-image-81439\" src=\"https:\/\/www.sudoestehoje.com.br\/novoportal\/wp-content\/uploads\/2019\/08\/empregos-500x375.jpg\" alt=\"\" width=\"500\" height=\"375\" srcset=\"https:\/\/www.sudoestehoje.com.br\/novoportal\/wp-content\/uploads\/2019\/08\/empregos-500x375.jpg 500w, https:\/\/www.sudoestehoje.com.br\/novoportal\/wp-content\/uploads\/2019\/08\/empregos-768x576.jpg 768w, https:\/\/www.sudoestehoje.com.br\/novoportal\/wp-content\/uploads\/2019\/08\/empregos-700x525.jpg 700w, https:\/\/www.sudoestehoje.com.br\/novoportal\/wp-content\/uploads\/2019\/08\/empregos.jpg 960w\" sizes=\"auto, (max-width: 500px) 100vw, 500px\" \/><\/a><\/p>\n<p>Nas proximidades do local, alguns trabalhadores locais aguardam ansiosamente o momento de serem contratados para trabalhar na constru\u00e7\u00e3o, o que dever\u00e1 ocorrer nos pr\u00f3ximos 15 dias, com a chegada do pessoal do RH.\u00a0Depois de pronto, calcula-se que cerca de 300 a 400 empregos diretos sejam criados na empresa.<\/p>\n<p><strong><em>Por Davi Ferraz<\/em><\/strong><\/p>\n","protected":false},"excerpt":{"rendered":"<p>Est\u00e3o a pleno vapor as obras de terraplenagem do local onde vai ser instalado a ASSA\u00cd ATACADISTA, em Itapetinga, \u00e0s margens da rodovia BA-263. Ap\u00f3s os servi\u00e7os de terraplenagem, ser\u00e1 instalada a base que sustentar\u00e1 a estrutura met\u00e1lica da constru\u00e7\u00e3o, passando, depois, para a fase de implanta\u00e7\u00e3o das instala\u00e7\u00f5es e equipamentos. Segundo um dos encarregados [&hellip;]<\/p>\n","protected":false},"author":2,"featured_media":81436,"comment_status":"open","ping_status":"open","sticky":false,"template":"","format":"standard","meta":{"footnotes":"","_links_to":"","_links_to_target":""},"categories":[1],"tags":[],"class_list":["post-81435","post","type-post","status-publish","format-standard","has-post-thumbnail","hentry","category-geral"],"views":1392,"_links":{"self":[{"href":"https:\/\/www.sudoestehoje.com.br\/novoportal\/wp-json\/wp\/v2\/posts\/81435","targetHints":{"allow":["GET"]}}],"collection":[{"href":"https:\/\/www.sudoestehoje.com.br\/novoportal\/wp-json\/wp\/v2\/posts"}],"about":[{"href":"https:\/\/www.sudoestehoje.com.br\/novoportal\/wp-json\/wp\/v2\/types\/post"}],"author":[{"embeddable":true,"href":"https:\/\/www.sudoestehoje.com.br\/novoportal\/wp-json\/wp\/v2\/users\/2"}],"replies":[{"embeddable":true,"href":"https:\/\/www.sudoestehoje.com.br\/novoportal\/wp-json\/wp\/v2\/comments?post=81435"}],"version-history":[{"count":4,"href":"https:\/\/www.sudoestehoje.com.br\/novoportal\/wp-json\/wp\/v2\/posts\/81435\/revisions"}],"predecessor-version":[{"id":81443,"href":"https:\/\/www.sudoestehoje.com.br\/novoportal\/wp-json\/wp\/v2\/posts\/81435\/revisions\/81443"}],"wp:featuredmedia":[{"embeddable":true,"href":"https:\/\/www.sudoestehoje.com.br\/novoportal\/wp-json\/wp\/v2\/media\/81436"}],"wp:attachment":[{"href":"https:\/\/www.sudoestehoje.com.br\/novoportal\/wp-json\/wp\/v2\/media?parent=81435"}],"wp:term":[{"taxonomy":"category","embeddable":true,"href":"https:\/\/www.sudoestehoje.com.br\/novoportal\/wp-json\/wp\/v2\/categories?post=81435"},{"taxonomy":"post_tag","embeddable":true,"href":"https:\/\/www.sudoestehoje.com.br\/novoportal\/wp-json\/wp\/v2\/tags?post=81435"}],"curies":[{"name":"wp","href":"https:\/\/api.w.org\/{rel}","templated":true}]}}