
{"id":81425,"date":"2019-08-06T22:04:43","date_gmt":"2019-08-07T01:04:43","guid":{"rendered":"https:\/\/www.sudoestehoje.com.br\/novoportal\/?p=81425"},"modified":"2019-08-06T22:04:43","modified_gmt":"2019-08-07T01:04:43","slug":"trabalhadores-rurais-em-condicoes-analogas-a-escravidao-sao-resgatados-pelo-mpt-ba-em-ribeirao-do-largo","status":"publish","type":"post","link":"https:\/\/www.sudoestehoje.com.br\/novoportal\/2019\/08\/06\/trabalhadores-rurais-em-condicoes-analogas-a-escravidao-sao-resgatados-pelo-mpt-ba-em-ribeirao-do-largo\/","title":{"rendered":"TRABALHADORES RURAIS EM CONDI\u00c7\u00d5ES AN\u00c1LOGAS \u00c0 ESCRAVID\u00c3O S\u00c3O RESGATADOS PELO MPT-BA EM RIBEIR\u00c3O DO LARGO"},"content":{"rendered":"<div class=\"mc-column content-text active-extra-styles \" data-block-type=\"unstyled\" data-block-weight=\"35\" data-block-id=\"2\">\n<p data-track-category=\"Link no Texto\" data-track-links=\"\"><a href=\"https:\/\/www.sudoestehoje.com.br\/novoportal\/wp-content\/uploads\/2019\/08\/casa-ribeirao.jpg\"><img loading=\"lazy\" decoding=\"async\" class=\"aligncenter size-medium wp-image-81429\" src=\"https:\/\/www.sudoestehoje.com.br\/novoportal\/wp-content\/uploads\/2019\/08\/casa-ribeirao-500x375.jpg\" alt=\"\" width=\"500\" height=\"375\" srcset=\"https:\/\/www.sudoestehoje.com.br\/novoportal\/wp-content\/uploads\/2019\/08\/casa-ribeirao-500x375.jpg 500w, https:\/\/www.sudoestehoje.com.br\/novoportal\/wp-content\/uploads\/2019\/08\/casa-ribeirao.jpg 640w\" sizes=\"auto, (max-width: 500px) 100vw, 500px\" \/><\/a><\/p>\n<p class=\"content-text__container \" data-track-category=\"Link no Texto\" data-track-links=\"\">Tr\u00eas trabalhadores rurais foram resgatados por representantes do Minist\u00e9rio P\u00fablico do Trabalho da Bahia (MPT-BA), em situa\u00e7\u00e3o semelhante ao trabalho escravo, em uma fazenda localizada no munic\u00edpio de Ribeir\u00e3o do Largo, no sudoeste do estado.<\/p>\n<\/div>\n<div class=\"wall protected-content\">\n<div class=\"mc-column content-text active-extra-styles \" data-block-type=\"unstyled\" data-block-weight=\"40\" data-block-id=\"3\">\n<p class=\"content-text__container \" data-track-category=\"Link no Texto\" data-track-links=\"\">Segundo informa\u00e7\u00f5es do MPT, o caso aconteceu na segunda-feira (5). As v\u00edtimas atuavam tamb\u00e9m na cria\u00e7\u00e3o de animais. Uma for\u00e7a-tarefa foi realizada no local, ap\u00f3s den\u00fancias, e foi constatado que os lavradores viviam em dois alojamentos com condi\u00e7\u00f5es desumanas.<\/p>\n<\/div>\n<div class=\"mc-column content-text active-extra-styles \" data-block-type=\"unstyled\" data-block-weight=\"34\" data-block-id=\"4\">\n<p class=\"content-text__container \" data-track-category=\"Link no Texto\" data-track-links=\"\">O Minist\u00e9rio P\u00fablico do Trabalho informou que o primeiro quarto tinha vigas escoradas por um peda\u00e7o de madeira, e ficava ao lado de um chiqueiro, com fezes de diversos animais espalhadas ao redor.<\/p>\n<p data-track-category=\"Link no Texto\" data-track-links=\"\"><a href=\"https:\/\/www.sudoestehoje.com.br\/novoportal\/wp-content\/uploads\/2019\/08\/cama-ribeirao.jpg\"><img loading=\"lazy\" decoding=\"async\" class=\"aligncenter size-medium wp-image-81430\" src=\"https:\/\/www.sudoestehoje.com.br\/novoportal\/wp-content\/uploads\/2019\/08\/cama-ribeirao-500x375.jpg\" alt=\"\" width=\"500\" height=\"375\" srcset=\"https:\/\/www.sudoestehoje.com.br\/novoportal\/wp-content\/uploads\/2019\/08\/cama-ribeirao-500x375.jpg 500w, https:\/\/www.sudoestehoje.com.br\/novoportal\/wp-content\/uploads\/2019\/08\/cama-ribeirao.jpg 640w\" sizes=\"auto, (max-width: 500px) 100vw, 500px\" \/><\/a><\/p>\n<div class=\"mc-column content-text active-extra-styles \" data-block-type=\"unstyled\" data-block-weight=\"28\" data-block-id=\"5\">\n<p class=\"content-text__container \" data-track-category=\"Link no Texto\" data-track-links=\"\">No outro alojamento, os trabalhadores dormiam no mesmo local utilizado para guardar os alimentos dos animais, com camas improvisadas. O empregador n\u00e3o fornecia cama, colch\u00e3o, travesseiros e mantas.<\/p>\n<\/div>\n<div class=\"mc-column content-text active-extra-styles \" data-block-type=\"unstyled\" data-block-weight=\"33\" data-block-id=\"6\">\n<p class=\"content-text__container \" data-track-category=\"Link no Texto\" data-track-links=\"\">Conforme o MPT, os alojamentos n\u00e3o tinham \u00e1gua pot\u00e1vel para beber ou cozinhar, nem locais para guardar e conservar os alimentos. N\u00e3o havia sanit\u00e1rios em condi\u00e7\u00f5es de uso e locais para banho.<\/p>\n<\/div>\n<div class=\"mc-column content-text active-extra-styles \" data-block-type=\"unstyled\" data-block-weight=\"26\" data-block-id=\"7\">\n<p class=\"content-text__container \" data-track-category=\"Link no Texto\" data-track-links=\"\">De acordo com o \u00f3rg\u00e3o, as instala\u00e7\u00f5es el\u00e9tricas eram prec\u00e1rias. As l\u00e2mpadas s\u00f3 ligavam quando os trabalhadores conectavam os fios dos aparelhos e m\u00f3veis na tomada.<\/p>\n<\/div>\n<div class=\"mc-column content-text active-extra-styles \" data-block-type=\"unstyled\" data-block-weight=\"32\" data-block-id=\"8\">\n<p class=\"content-text__container \" data-track-category=\"Link no Texto\" data-track-links=\"\">O local para banho era uma pequena bica com balde e panelas, utilizadas para o asseio. A carne usada para alimenta\u00e7\u00e3o ficava pendurada no varal para evitar o contato de ratos<span style=\"color: #0000ff;\"><strong>. <a style=\"color: #0000ff;\" href=\"https:\/\/g1.globo.com\/ba\/bahia\/noticia\/2019\/08\/06\/trabalhadores-rurais-em-condicoes-analogas-a-escravidao-sao-resgatados-na-ba-vitimas-dormiam-ao-lado-de-chiqueiro.ghtml\">VEJA MAT\u00c9RIA COMPLETA<\/a><\/strong><\/span><\/p>\n<\/div>\n<\/div>\n<\/div>\n","protected":false},"excerpt":{"rendered":"<p>Tr\u00eas trabalhadores rurais foram resgatados por representantes do Minist\u00e9rio P\u00fablico do Trabalho da Bahia (MPT-BA), em situa\u00e7\u00e3o semelhante ao trabalho escravo, em uma fazenda localizada no munic\u00edpio de Ribeir\u00e3o do Largo, no sudoeste do estado. Segundo informa\u00e7\u00f5es do MPT, o caso aconteceu na segunda-feira (5). As v\u00edtimas atuavam tamb\u00e9m na cria\u00e7\u00e3o de animais. Uma for\u00e7a-tarefa [&hellip;]<\/p>\n","protected":false},"author":2,"featured_media":81429,"comment_status":"open","ping_status":"open","sticky":false,"template":"","format":"standard","meta":{"footnotes":"","_links_to":"","_links_to_target":""},"categories":[1],"tags":[],"class_list":["post-81425","post","type-post","status-publish","format-standard","has-post-thumbnail","hentry","category-geral"],"views":772,"_links":{"self":[{"href":"https:\/\/www.sudoestehoje.com.br\/novoportal\/wp-json\/wp\/v2\/posts\/81425","targetHints":{"allow":["GET"]}}],"collection":[{"href":"https:\/\/www.sudoestehoje.com.br\/novoportal\/wp-json\/wp\/v2\/posts"}],"about":[{"href":"https:\/\/www.sudoestehoje.com.br\/novoportal\/wp-json\/wp\/v2\/types\/post"}],"author":[{"embeddable":true,"href":"https:\/\/www.sudoestehoje.com.br\/novoportal\/wp-json\/wp\/v2\/users\/2"}],"replies":[{"embeddable":true,"href":"https:\/\/www.sudoestehoje.com.br\/novoportal\/wp-json\/wp\/v2\/comments?post=81425"}],"version-history":[{"count":4,"href":"https:\/\/www.sudoestehoje.com.br\/novoportal\/wp-json\/wp\/v2\/posts\/81425\/revisions"}],"predecessor-version":[{"id":81431,"href":"https:\/\/www.sudoestehoje.com.br\/novoportal\/wp-json\/wp\/v2\/posts\/81425\/revisions\/81431"}],"wp:featuredmedia":[{"embeddable":true,"href":"https:\/\/www.sudoestehoje.com.br\/novoportal\/wp-json\/wp\/v2\/media\/81429"}],"wp:attachment":[{"href":"https:\/\/www.sudoestehoje.com.br\/novoportal\/wp-json\/wp\/v2\/media?parent=81425"}],"wp:term":[{"taxonomy":"category","embeddable":true,"href":"https:\/\/www.sudoestehoje.com.br\/novoportal\/wp-json\/wp\/v2\/categories?post=81425"},{"taxonomy":"post_tag","embeddable":true,"href":"https:\/\/www.sudoestehoje.com.br\/novoportal\/wp-json\/wp\/v2\/tags?post=81425"}],"curies":[{"name":"wp","href":"https:\/\/api.w.org\/{rel}","templated":true}]}}