
{"id":81421,"date":"2019-08-06T11:57:01","date_gmt":"2019-08-06T14:57:01","guid":{"rendered":"https:\/\/www.sudoestehoje.com.br\/novoportal\/?p=81421"},"modified":"2019-08-06T11:57:01","modified_gmt":"2019-08-06T14:57:01","slug":"itapetinga-camara-de-vereadores-participa-de-debates-do-projeto-area-legal","status":"publish","type":"post","link":"https:\/\/www.sudoestehoje.com.br\/novoportal\/2019\/08\/06\/itapetinga-camara-de-vereadores-participa-de-debates-do-projeto-area-legal\/","title":{"rendered":"ITAPETINGA: C\u00c2MARA DE VEREADORES PARTICIPA DE DEBATES DO PROJETO &#8220;\u00c1REA LEGAL&#8221;"},"content":{"rendered":"<p><a href=\"https:\/\/www.sudoestehoje.com.br\/novoportal\/wp-content\/uploads\/2019\/08\/renurb-2.jpg\"><img loading=\"lazy\" decoding=\"async\" class=\"aligncenter  wp-image-81422\" src=\"https:\/\/www.sudoestehoje.com.br\/novoportal\/wp-content\/uploads\/2019\/08\/renurb-2-500x333.jpg\" alt=\"\" width=\"503\" height=\"335\" srcset=\"https:\/\/www.sudoestehoje.com.br\/novoportal\/wp-content\/uploads\/2019\/08\/renurb-2-500x333.jpg 500w, https:\/\/www.sudoestehoje.com.br\/novoportal\/wp-content\/uploads\/2019\/08\/renurb-2-768x512.jpg 768w, https:\/\/www.sudoestehoje.com.br\/novoportal\/wp-content\/uploads\/2019\/08\/renurb-2-700x467.jpg 700w, https:\/\/www.sudoestehoje.com.br\/novoportal\/wp-content\/uploads\/2019\/08\/renurb-2.jpg 960w\" sizes=\"auto, (max-width: 503px) 100vw, 503px\" \/><\/a><\/p>\n<p>Na tarde dessa segunda-feira (5), a C\u00e2mara Municipal de Itapetinga participou de debates do Projeto \u00c1rea Legal, uma iniciativa do Tribunal de Justi\u00e7a da Bahia, por meio da Corregedoria das Comarcas do Interior. A presidenta Naara Duarte (DEM) participou da mesa solene da reuni\u00e3o de Regulariza\u00e7\u00e3o Fundi\u00e1ria, realizada no Plen\u00e1rio Ulysses Guimar\u00e3es. Os vereadores Anderson da Nova (DEM), Jo\u00e3o de Deus (MDB), Jair Saloes (MDB), Tarug\u00e3o (MDB) e Nailton Negreiro (PRB) tamb\u00e9m estiveram presentes no evento.<\/p>\n<p>Transmitido ao vivo pelo\u00a0<a href=\"https:\/\/www.facebook.com\/camaraitapetinga\" target=\"_blank\" rel=\"nofollow noopener noreferrer\">Facebook da C\u00e2mara<\/a>, o encontro abordou diversos temas relacionados \u00e0 forma como o Munic\u00edpio deve realizar a Regulariza\u00e7\u00e3o Fundi\u00e1ria e contou com a presen\u00e7a de autoridades como o vice-prefeito Renan Pereira; o Corregedor das Comarcas do Interior do TJBA, Desembargador Salom\u00e3o Resed\u00e1; o Juiz de Direito Substituto da Vara de Registros P\u00fablicos e 2\u00aa Vara dos Feitos de Rela\u00e7\u00e3o de Consumo, Civil e Comercial de Itapetinga, Mario Jos\u00e9 Batista Neto e o Juiz de Direito da 1\u00aa Vara Criminal de Itapetinga, Egildo Lima Lopes.<\/p>\n<p>O presidente da Associa\u00e7\u00e3o dos Not\u00e1rios e Registradores do Estado de Mato Grosso, Jos\u00e9 de Arimat\u00e9ia Barbosa, abordou o tema \u201cRumos da Politica Nacional de Regulariza\u00e7\u00e3o Fundi\u00e1ria \u2013 origem da MP 759\/16 e sua tramita\u00e7\u00e3o at\u00e9 ser convertida na Lei 13.465\/17\u201d. Professor de cursos de integra\u00e7\u00e3o jur\u00eddica e p\u00f3s-gradua\u00e7\u00e3o no Brasil e no exterior, ele \u00e9 refer\u00eancia nacional em assuntos fundi\u00e1rios ligados \u00e0 regulariza\u00e7\u00e3o.<\/p>\n<p><a href=\"https:\/\/www.sudoestehoje.com.br\/novoportal\/wp-content\/uploads\/2019\/08\/renurb-1.jpg\"><img loading=\"lazy\" decoding=\"async\" class=\"aligncenter size-medium wp-image-81423\" src=\"https:\/\/www.sudoestehoje.com.br\/novoportal\/wp-content\/uploads\/2019\/08\/renurb-1-500x333.jpg\" alt=\"\" width=\"500\" height=\"333\" srcset=\"https:\/\/www.sudoestehoje.com.br\/novoportal\/wp-content\/uploads\/2019\/08\/renurb-1-500x333.jpg 500w, https:\/\/www.sudoestehoje.com.br\/novoportal\/wp-content\/uploads\/2019\/08\/renurb-1-768x512.jpg 768w, https:\/\/www.sudoestehoje.com.br\/novoportal\/wp-content\/uploads\/2019\/08\/renurb-1-700x467.jpg 700w, https:\/\/www.sudoestehoje.com.br\/novoportal\/wp-content\/uploads\/2019\/08\/renurb-1.jpg 960w\" sizes=\"auto, (max-width: 500px) 100vw, 500px\" \/><\/a><\/p>\n<p>Conforme informa\u00e7\u00f5es da Corregedoria das Comarcas do Interior, o Projeto \u00c1rea Legal busca aproximar os agentes envolvidos na regulariza\u00e7\u00e3o fundi\u00e1ria urbana e rural, de cada cidade, no sentido de prestar esclarecimentos sobre os procedimentos a serem adotados, com a finalidade de regulariza\u00e7\u00e3o de assentamentos urbanos e rurais desconformes, buscando assegurar a promo\u00e7\u00e3o de uma s\u00e9rie de consequ\u00eancias positivas para o cidad\u00e3o e o munic\u00edpio.<\/p>\n<p>Em Itapetinga, a Corregedoria das Comarcas do Interior conta com o apoio da Vara de Registros P\u00fablicos, Prefeitura Municipal e Associa\u00e7\u00e3o dos Registradores de Im\u00f3veis do Estado da Bahia, contando com o aux\u00edlio das Associa\u00e7\u00f5es dos Not\u00e1rios e Registradores da Bahia e do Mato Grosso.<strong><em> \/\/Ascom C\u00e2mara &#8211; com informa\u00e7\u00f5es da p\u00e1gina do TJ BA na internet<\/em><\/strong><\/p>\n","protected":false},"excerpt":{"rendered":"<p>Na tarde dessa segunda-feira (5), a C\u00e2mara Municipal de Itapetinga participou de debates do Projeto \u00c1rea Legal, uma iniciativa do Tribunal de Justi\u00e7a da Bahia, por meio da Corregedoria das Comarcas do Interior. A presidenta Naara Duarte (DEM) participou da mesa solene da reuni\u00e3o de Regulariza\u00e7\u00e3o Fundi\u00e1ria, realizada no Plen\u00e1rio Ulysses Guimar\u00e3es. Os vereadores Anderson [&hellip;]<\/p>\n","protected":false},"author":2,"featured_media":81422,"comment_status":"open","ping_status":"open","sticky":false,"template":"","format":"standard","meta":{"footnotes":"","_links_to":"","_links_to_target":""},"categories":[1],"tags":[],"class_list":["post-81421","post","type-post","status-publish","format-standard","has-post-thumbnail","hentry","category-geral"],"views":1196,"_links":{"self":[{"href":"https:\/\/www.sudoestehoje.com.br\/novoportal\/wp-json\/wp\/v2\/posts\/81421","targetHints":{"allow":["GET"]}}],"collection":[{"href":"https:\/\/www.sudoestehoje.com.br\/novoportal\/wp-json\/wp\/v2\/posts"}],"about":[{"href":"https:\/\/www.sudoestehoje.com.br\/novoportal\/wp-json\/wp\/v2\/types\/post"}],"author":[{"embeddable":true,"href":"https:\/\/www.sudoestehoje.com.br\/novoportal\/wp-json\/wp\/v2\/users\/2"}],"replies":[{"embeddable":true,"href":"https:\/\/www.sudoestehoje.com.br\/novoportal\/wp-json\/wp\/v2\/comments?post=81421"}],"version-history":[{"count":1,"href":"https:\/\/www.sudoestehoje.com.br\/novoportal\/wp-json\/wp\/v2\/posts\/81421\/revisions"}],"predecessor-version":[{"id":81424,"href":"https:\/\/www.sudoestehoje.com.br\/novoportal\/wp-json\/wp\/v2\/posts\/81421\/revisions\/81424"}],"wp:featuredmedia":[{"embeddable":true,"href":"https:\/\/www.sudoestehoje.com.br\/novoportal\/wp-json\/wp\/v2\/media\/81422"}],"wp:attachment":[{"href":"https:\/\/www.sudoestehoje.com.br\/novoportal\/wp-json\/wp\/v2\/media?parent=81421"}],"wp:term":[{"taxonomy":"category","embeddable":true,"href":"https:\/\/www.sudoestehoje.com.br\/novoportal\/wp-json\/wp\/v2\/categories?post=81421"},{"taxonomy":"post_tag","embeddable":true,"href":"https:\/\/www.sudoestehoje.com.br\/novoportal\/wp-json\/wp\/v2\/tags?post=81421"}],"curies":[{"name":"wp","href":"https:\/\/api.w.org\/{rel}","templated":true}]}}