
{"id":81416,"date":"2019-08-06T00:50:20","date_gmt":"2019-08-06T03:50:20","guid":{"rendered":"https:\/\/www.sudoestehoje.com.br\/novoportal\/?p=81416"},"modified":"2019-08-06T01:06:39","modified_gmt":"2019-08-06T04:06:39","slug":"municipios-da-bahia-estao-entre-os-mais-violentos-do-brasil-segundo-ipea","status":"publish","type":"post","link":"https:\/\/www.sudoestehoje.com.br\/novoportal\/2019\/08\/06\/municipios-da-bahia-estao-entre-os-mais-violentos-do-brasil-segundo-ipea\/","title":{"rendered":"MUNIC\u00cdPIOS DA BAHIA EST\u00c3O ENTRE OS MAIS VIOLENTOS DO BRASIL, SEGUNDO IPEA"},"content":{"rendered":"<p><a href=\"https:\/\/www.sudoestehoje.com.br\/novoportal\/wp-content\/uploads\/2019\/08\/ATLAS-VIOL.jpg\"><img loading=\"lazy\" decoding=\"async\" class=\"aligncenter size-medium wp-image-81417\" src=\"https:\/\/www.sudoestehoje.com.br\/novoportal\/wp-content\/uploads\/2019\/08\/ATLAS-VIOL-500x281.jpg\" alt=\"\" width=\"500\" height=\"281\" srcset=\"https:\/\/www.sudoestehoje.com.br\/novoportal\/wp-content\/uploads\/2019\/08\/ATLAS-VIOL-500x281.jpg 500w, https:\/\/www.sudoestehoje.com.br\/novoportal\/wp-content\/uploads\/2019\/08\/ATLAS-VIOL-768x432.jpg 768w, https:\/\/www.sudoestehoje.com.br\/novoportal\/wp-content\/uploads\/2019\/08\/ATLAS-VIOL-700x394.jpg 700w, https:\/\/www.sudoestehoje.com.br\/novoportal\/wp-content\/uploads\/2019\/08\/ATLAS-VIOL.jpg 1280w\" sizes=\"auto, (max-width: 500px) 100vw, 500px\" \/><\/a><\/p>\n<p>Eun\u00e1polis, Porto Seguro, Sim\u00f5es Filho, Cama\u00e7ari, Teixeira de Freitas, Ilh\u00e9us, Jequi\u00e9, Itabuna, Feira de Santana, Santo Ant\u00f4nio de Jesus e Salvador est\u00e3o no ranking de munic\u00edpios mais violentos do Brasil, aponta o Atlas da Viol\u00eancia 2019. Elaborado pelo Instituto de Pesquisa Econ\u00f4mica Aplicada (Ipea) e F\u00f3rum Brasileiro de Seguran\u00e7a P\u00fablica, o estudo foi divulgado nesta segunda-feira (5).<\/p>\n<p>Das cidades mais violentas, cinco est\u00e3o na Bahia: <strong>Sim\u00f5es Filho, Porto Seguro, Lauro de Freitas, Cama\u00e7ari e Eun\u00e1polis.<\/strong><\/p>\n<p>A localidade mais perigosa na Bahia, segundo o estudo, \u00e9 Sim\u00f5es Filho, na Regi\u00e3o Metropolitana de Salvador, com taxa de 119,9 mortes violentas para cada 100 mil habitantes. O munic\u00edpio est\u00e1 na lista dos 20 mais violentos no Pa\u00eds, com 156 assassinatos em 2017. O ranking foi elaborado com base nos homic\u00eddios registrados em 2017.<\/p>\n<p>A segunda localidade mais violenta no estado \u00e9 Porto Seguro. De acordo com a pesquisa, em 2017, o munic\u00edpio do extremo-sul do estado registrou taxa de 101,6 mortes violentas para 100 mil moradores. Naquele ano foram\u00a0 147 homic\u00eddios registrados e outros cinco assassinatos ocultos.<\/p>\n","protected":false},"excerpt":{"rendered":"<p>Eun\u00e1polis, Porto Seguro, Sim\u00f5es Filho, Cama\u00e7ari, Teixeira de Freitas, Ilh\u00e9us, Jequi\u00e9, Itabuna, Feira de Santana, Santo Ant\u00f4nio de Jesus e Salvador est\u00e3o no ranking de munic\u00edpios mais violentos do Brasil, aponta o Atlas da Viol\u00eancia 2019. Elaborado pelo Instituto de Pesquisa Econ\u00f4mica Aplicada (Ipea) e F\u00f3rum Brasileiro de Seguran\u00e7a P\u00fablica, o estudo foi divulgado nesta [&hellip;]<\/p>\n","protected":false},"author":2,"featured_media":81417,"comment_status":"open","ping_status":"open","sticky":false,"template":"","format":"standard","meta":{"footnotes":"","_links_to":"","_links_to_target":""},"categories":[1],"tags":[],"class_list":["post-81416","post","type-post","status-publish","format-standard","has-post-thumbnail","hentry","category-geral"],"views":1090,"_links":{"self":[{"href":"https:\/\/www.sudoestehoje.com.br\/novoportal\/wp-json\/wp\/v2\/posts\/81416","targetHints":{"allow":["GET"]}}],"collection":[{"href":"https:\/\/www.sudoestehoje.com.br\/novoportal\/wp-json\/wp\/v2\/posts"}],"about":[{"href":"https:\/\/www.sudoestehoje.com.br\/novoportal\/wp-json\/wp\/v2\/types\/post"}],"author":[{"embeddable":true,"href":"https:\/\/www.sudoestehoje.com.br\/novoportal\/wp-json\/wp\/v2\/users\/2"}],"replies":[{"embeddable":true,"href":"https:\/\/www.sudoestehoje.com.br\/novoportal\/wp-json\/wp\/v2\/comments?post=81416"}],"version-history":[{"count":3,"href":"https:\/\/www.sudoestehoje.com.br\/novoportal\/wp-json\/wp\/v2\/posts\/81416\/revisions"}],"predecessor-version":[{"id":81420,"href":"https:\/\/www.sudoestehoje.com.br\/novoportal\/wp-json\/wp\/v2\/posts\/81416\/revisions\/81420"}],"wp:featuredmedia":[{"embeddable":true,"href":"https:\/\/www.sudoestehoje.com.br\/novoportal\/wp-json\/wp\/v2\/media\/81417"}],"wp:attachment":[{"href":"https:\/\/www.sudoestehoje.com.br\/novoportal\/wp-json\/wp\/v2\/media?parent=81416"}],"wp:term":[{"taxonomy":"category","embeddable":true,"href":"https:\/\/www.sudoestehoje.com.br\/novoportal\/wp-json\/wp\/v2\/categories?post=81416"},{"taxonomy":"post_tag","embeddable":true,"href":"https:\/\/www.sudoestehoje.com.br\/novoportal\/wp-json\/wp\/v2\/tags?post=81416"}],"curies":[{"name":"wp","href":"https:\/\/api.w.org\/{rel}","templated":true}]}}