
{"id":81397,"date":"2019-08-05T13:14:01","date_gmt":"2019-08-05T16:14:01","guid":{"rendered":"https:\/\/www.sudoestehoje.com.br\/novoportal\/?p=81397"},"modified":"2019-08-05T17:14:21","modified_gmt":"2019-08-05T20:14:21","slug":"itapetinga-fazenda-da-familia-de-geddel-volta-a-ser-invadida-por-supostos-indios-2","status":"publish","type":"post","link":"https:\/\/www.sudoestehoje.com.br\/novoportal\/2019\/08\/05\/itapetinga-fazenda-da-familia-de-geddel-volta-a-ser-invadida-por-supostos-indios-2\/","title":{"rendered":"ITAPETINGA: FAZENDA DA FAM\u00cdLIA DE GEDDEL VOLTA A SER INVADIDA POR SUPOSTOS \u00cdNDIOS"},"content":{"rendered":"<p><a href=\"https:\/\/www.sudoestehoje.com.br\/novoportal\/wp-content\/uploads\/2019\/08\/indios.jpg\"><img loading=\"lazy\" decoding=\"async\" class=\"aligncenter wp-image-81398\" src=\"https:\/\/www.sudoestehoje.com.br\/novoportal\/wp-content\/uploads\/2019\/08\/indios.jpg\" alt=\"\" width=\"501\" height=\"351\" \/><\/a><\/p>\n<p>Durante a madrugada desta segunda-feira (5), um grupo que se autodenomina \u00edndios da aldeia Alto da Abobreira, das etnias Kamak\u00e3ns e Imbor\u00e9s,\u00a0 invadiram uma propriedade rural no munic\u00edpio de Itapetinga, pertencente \u00e0 fam\u00edlia do ex-ministro Geddel Vieira Lima, localizada nas proximidades da ponte do Rio Pardo, na regi\u00e3o de Palmares.<\/p>\n<p>O grupo de cerca de 30 homens e mulheres assumiu a responsabilidade da invas\u00e3o e distribui uma nota em que alegam ser<em> &#8220;donos da terra por motivos hist\u00f3ricos&#8221;<\/em>, solicitando, ainda, a presen\u00e7a da representantes da Funai para negocia\u00e7\u00f5es. A carta \u00e9 assinada por uma mulher que se identifica por &#8220;Cacica Tanara&#8221;.<\/p>\n<p>Em outras invas\u00f5es \u00e0 mesma propriedade rural, Fazenda Esmeralda, os propriet\u00e1rios foram reintegrados na posse atrav\u00e9s de decis\u00e3o judicial.<\/p>\n","protected":false},"excerpt":{"rendered":"<p>Durante a madrugada desta segunda-feira (5), um grupo que se autodenomina \u00edndios da aldeia Alto da Abobreira, das etnias Kamak\u00e3ns e Imbor\u00e9s,\u00a0 invadiram uma propriedade rural no munic\u00edpio de Itapetinga, pertencente \u00e0 fam\u00edlia do ex-ministro Geddel Vieira Lima, localizada nas proximidades da ponte do Rio Pardo, na regi\u00e3o de Palmares. O grupo de cerca de [&hellip;]<\/p>\n","protected":false},"author":2,"featured_media":81398,"comment_status":"open","ping_status":"open","sticky":false,"template":"","format":"standard","meta":{"footnotes":"","_links_to":"","_links_to_target":""},"categories":[1],"tags":[],"class_list":["post-81397","post","type-post","status-publish","format-standard","has-post-thumbnail","hentry","category-geral"],"views":808,"_links":{"self":[{"href":"https:\/\/www.sudoestehoje.com.br\/novoportal\/wp-json\/wp\/v2\/posts\/81397","targetHints":{"allow":["GET"]}}],"collection":[{"href":"https:\/\/www.sudoestehoje.com.br\/novoportal\/wp-json\/wp\/v2\/posts"}],"about":[{"href":"https:\/\/www.sudoestehoje.com.br\/novoportal\/wp-json\/wp\/v2\/types\/post"}],"author":[{"embeddable":true,"href":"https:\/\/www.sudoestehoje.com.br\/novoportal\/wp-json\/wp\/v2\/users\/2"}],"replies":[{"embeddable":true,"href":"https:\/\/www.sudoestehoje.com.br\/novoportal\/wp-json\/wp\/v2\/comments?post=81397"}],"version-history":[{"count":3,"href":"https:\/\/www.sudoestehoje.com.br\/novoportal\/wp-json\/wp\/v2\/posts\/81397\/revisions"}],"predecessor-version":[{"id":81401,"href":"https:\/\/www.sudoestehoje.com.br\/novoportal\/wp-json\/wp\/v2\/posts\/81397\/revisions\/81401"}],"wp:featuredmedia":[{"embeddable":true,"href":"https:\/\/www.sudoestehoje.com.br\/novoportal\/wp-json\/wp\/v2\/media\/81398"}],"wp:attachment":[{"href":"https:\/\/www.sudoestehoje.com.br\/novoportal\/wp-json\/wp\/v2\/media?parent=81397"}],"wp:term":[{"taxonomy":"category","embeddable":true,"href":"https:\/\/www.sudoestehoje.com.br\/novoportal\/wp-json\/wp\/v2\/categories?post=81397"},{"taxonomy":"post_tag","embeddable":true,"href":"https:\/\/www.sudoestehoje.com.br\/novoportal\/wp-json\/wp\/v2\/tags?post=81397"}],"curies":[{"name":"wp","href":"https:\/\/api.w.org\/{rel}","templated":true}]}}