
{"id":81383,"date":"2019-08-03T12:09:38","date_gmt":"2019-08-03T15:09:38","guid":{"rendered":"https:\/\/www.sudoestehoje.com.br\/novoportal\/?p=81383"},"modified":"2019-08-04T02:19:28","modified_gmt":"2019-08-04T05:19:28","slug":"itapetinga-vereadores-retornam-as-atividades-legislativas-do-2o-semestre","status":"publish","type":"post","link":"https:\/\/www.sudoestehoje.com.br\/novoportal\/2019\/08\/03\/itapetinga-vereadores-retornam-as-atividades-legislativas-do-2o-semestre\/","title":{"rendered":"ITAPETINGA: VEREADORES RETORNAM \u00c0S ATIVIDADES LEGISLATIVAS DO 2\u00ba SEMESTRE"},"content":{"rendered":"<p><a href=\"https:\/\/www.sudoestehoje.com.br\/novoportal\/wp-content\/uploads\/2019\/08\/mesa-camara-1-500x281-1.jpg\"><img loading=\"lazy\" decoding=\"async\" class=\"aligncenter size-medium wp-image-81386\" src=\"https:\/\/www.sudoestehoje.com.br\/novoportal\/wp-content\/uploads\/2019\/08\/mesa-camara-1-500x281-1-500x281.jpg\" alt=\"\" width=\"500\" height=\"281\" \/><\/a><\/p>\n<p>A C\u00e2mara Municipal de Itapetinga realizou ontem (1\u00ba de agosto) a sess\u00e3o ordin\u00e1ria de reabertura das atividades legislativas de 2019. Na volta do recesso parlamentar de julho, os vereadores apreciaram dez proposi\u00e7\u00f5es, entre elas indica\u00e7\u00f5es, uma mo\u00e7\u00e3o de pesar, pareceres e projetos de lei.<\/p>\n<p>A C\u00e2mara aprovou tr\u00eas projetos de lei em primeira vota\u00e7\u00e3o e seus respectivos pareceres, emitidos pela Comiss\u00e3o de Constitui\u00e7\u00e3o, Justi\u00e7a e Reda\u00e7\u00e3o, que \u00e9 formada pelos vereadores Jo\u00e3o de Deus (MDB), Anderson da Nova (DEM) e Diga Diga (PR). Esses projetos de lei voltar\u00e3o ao Plen\u00e1rio para aprecia\u00e7\u00e3o em segunda e \u00faltima vota\u00e7\u00e3o.<\/p>\n<p>Tamb\u00e9m foram aprovadas, nessa quinta-feira, tr\u00eas indica\u00e7\u00f5es, solicitando melhorias para a cidade ao Poder Executivo Municipal, e uma mo\u00e7\u00e3o de pesar em mem\u00f3ria do senhor Jo\u00e3o de Almeida Moreira.<\/p>\n","protected":false},"excerpt":{"rendered":"<p>A C\u00e2mara Municipal de Itapetinga realizou ontem (1\u00ba de agosto) a sess\u00e3o ordin\u00e1ria de reabertura das atividades legislativas de 2019. Na volta do recesso parlamentar de julho, os vereadores apreciaram dez proposi\u00e7\u00f5es, entre elas indica\u00e7\u00f5es, uma mo\u00e7\u00e3o de pesar, pareceres e projetos de lei. A C\u00e2mara aprovou tr\u00eas projetos de lei em primeira vota\u00e7\u00e3o e [&hellip;]<\/p>\n","protected":false},"author":2,"featured_media":81386,"comment_status":"open","ping_status":"open","sticky":false,"template":"","format":"standard","meta":{"footnotes":"","_links_to":"","_links_to_target":""},"categories":[1],"tags":[],"class_list":["post-81383","post","type-post","status-publish","format-standard","has-post-thumbnail","hentry","category-geral"],"views":722,"_links":{"self":[{"href":"https:\/\/www.sudoestehoje.com.br\/novoportal\/wp-json\/wp\/v2\/posts\/81383","targetHints":{"allow":["GET"]}}],"collection":[{"href":"https:\/\/www.sudoestehoje.com.br\/novoportal\/wp-json\/wp\/v2\/posts"}],"about":[{"href":"https:\/\/www.sudoestehoje.com.br\/novoportal\/wp-json\/wp\/v2\/types\/post"}],"author":[{"embeddable":true,"href":"https:\/\/www.sudoestehoje.com.br\/novoportal\/wp-json\/wp\/v2\/users\/2"}],"replies":[{"embeddable":true,"href":"https:\/\/www.sudoestehoje.com.br\/novoportal\/wp-json\/wp\/v2\/comments?post=81383"}],"version-history":[{"count":3,"href":"https:\/\/www.sudoestehoje.com.br\/novoportal\/wp-json\/wp\/v2\/posts\/81383\/revisions"}],"predecessor-version":[{"id":81387,"href":"https:\/\/www.sudoestehoje.com.br\/novoportal\/wp-json\/wp\/v2\/posts\/81383\/revisions\/81387"}],"wp:featuredmedia":[{"embeddable":true,"href":"https:\/\/www.sudoestehoje.com.br\/novoportal\/wp-json\/wp\/v2\/media\/81386"}],"wp:attachment":[{"href":"https:\/\/www.sudoestehoje.com.br\/novoportal\/wp-json\/wp\/v2\/media?parent=81383"}],"wp:term":[{"taxonomy":"category","embeddable":true,"href":"https:\/\/www.sudoestehoje.com.br\/novoportal\/wp-json\/wp\/v2\/categories?post=81383"},{"taxonomy":"post_tag","embeddable":true,"href":"https:\/\/www.sudoestehoje.com.br\/novoportal\/wp-json\/wp\/v2\/tags?post=81383"}],"curies":[{"name":"wp","href":"https:\/\/api.w.org\/{rel}","templated":true}]}}