
{"id":81369,"date":"2019-08-04T00:28:18","date_gmt":"2019-08-04T03:28:18","guid":{"rendered":"https:\/\/www.sudoestehoje.com.br\/novoportal\/?p=81369"},"modified":"2019-08-04T00:28:18","modified_gmt":"2019-08-04T03:28:18","slug":"deputado-pedro-tavares-cobra-recuperacao-da-ba-270-entre-maiquinique-e-itapetinga","status":"publish","type":"post","link":"https:\/\/www.sudoestehoje.com.br\/novoportal\/2019\/08\/04\/deputado-pedro-tavares-cobra-recuperacao-da-ba-270-entre-maiquinique-e-itapetinga\/","title":{"rendered":"DEPUTADO PEDRO TAVARES COBRA RECUPERA\u00c7\u00c3O DA BA-270 ENTRE MAIQUINIQUE E ITAPETINGA"},"content":{"rendered":"<p><a href=\"https:\/\/www.sudoestehoje.com.br\/novoportal\/wp-content\/uploads\/2019\/08\/BA-270.jpg\"><img loading=\"lazy\" decoding=\"async\" class=\"aligncenter  wp-image-81372\" src=\"https:\/\/www.sudoestehoje.com.br\/novoportal\/wp-content\/uploads\/2019\/08\/BA-270.jpg\" alt=\"\" width=\"501\" height=\"369\" \/><\/a><\/p>\n<p>Os 14 km da BA 270 entre Maiquinique e o entroncamento de Macarani, no sudoeste da Bahia, s\u00e3o puro tormento para qualquer motorista. Sem pavimenta\u00e7\u00e3o e cheia de buracos, a situa\u00e7\u00e3o piora quando chove. O triste cen\u00e1rio foi exibido pela TV Bahia e o deputado estadual Pedro Tavares (DEM) cobra recupera\u00e7\u00e3o da rodovia. \u201cEssa \u00e9 mais uma rodovia prometida e esquecida pelo Governo do Estado. Espero que com a mat\u00e9ria veiculada, o governo fa\u00e7a com que as obras aconte\u00e7am imediatamente\u201d.<\/p>\n<p>Transitar pelo trecho que vai at\u00e9 Itapetinga \u00e9 um sofrimento, conta o parlamentar. \u201cQuem trafega vive o desconforto, preju\u00edzos mec\u00e2nicos com o ve\u00edculos e a pior parte com certeza fica com os pacientes que ao se deslocar passa por uma rodovia degradante. Os buracos retardam o tempo de passagem e consequentemente comprometem o socorro\u201d.<\/p>\n<p>O democrata destacou a import\u00e2ncia da estrada. \u201cA BA 270 \u00e9 uma rodovia que fica numa regi\u00e3o economicamente forte na pecu\u00e1ria. Lembrar do direito de ir e vir dos estudantes, enfermos. A Secretaria de Infraestrutura do Estado (Seinfra) se manifestou mas queremos saber quando de fato come\u00e7a a obra e que seja uma obra definitiva e n\u00e3o um paliativo. \u00c9 preciso apresentar um cronograma completo e que seja executado\u201d.<\/p>\n<p>Em resposta ao Bahia Not\u00edcias, a Seinfra disse que \u201cuma empresa foi contratada para elaborar um projeto de reforma da estrada no percurso entre Maiquinique e a localidade de Mangerona, j\u00e1 no munic\u00edpio vizinho de Macarani. Declarou ainda que os servi\u00e7os\u00a0de manuten\u00e7\u00e3o j\u00e1 ocorrem no trecho que vai at\u00e9 Itapetinga, na mesma regi\u00e3o. A pasta acrescentou que tamb\u00e9m est\u00e1 em andamento o servi\u00e7o de recupera\u00e7\u00e3o do trecho entre Macarani e Mangerona\u201d. <em>\/\/Ascom<\/em><\/p>\n","protected":false},"excerpt":{"rendered":"<p>Os 14 km da BA 270 entre Maiquinique e o entroncamento de Macarani, no sudoeste da Bahia, s\u00e3o puro tormento para qualquer motorista. Sem pavimenta\u00e7\u00e3o e cheia de buracos, a situa\u00e7\u00e3o piora quando chove. O triste cen\u00e1rio foi exibido pela TV Bahia e o deputado estadual Pedro Tavares (DEM) cobra recupera\u00e7\u00e3o da rodovia. \u201cEssa \u00e9 [&hellip;]<\/p>\n","protected":false},"author":2,"featured_media":81372,"comment_status":"open","ping_status":"open","sticky":false,"template":"","format":"standard","meta":{"footnotes":"","_links_to":"","_links_to_target":""},"categories":[1],"tags":[],"class_list":["post-81369","post","type-post","status-publish","format-standard","has-post-thumbnail","hentry","category-geral"],"views":780,"_links":{"self":[{"href":"https:\/\/www.sudoestehoje.com.br\/novoportal\/wp-json\/wp\/v2\/posts\/81369","targetHints":{"allow":["GET"]}}],"collection":[{"href":"https:\/\/www.sudoestehoje.com.br\/novoportal\/wp-json\/wp\/v2\/posts"}],"about":[{"href":"https:\/\/www.sudoestehoje.com.br\/novoportal\/wp-json\/wp\/v2\/types\/post"}],"author":[{"embeddable":true,"href":"https:\/\/www.sudoestehoje.com.br\/novoportal\/wp-json\/wp\/v2\/users\/2"}],"replies":[{"embeddable":true,"href":"https:\/\/www.sudoestehoje.com.br\/novoportal\/wp-json\/wp\/v2\/comments?post=81369"}],"version-history":[{"count":3,"href":"https:\/\/www.sudoestehoje.com.br\/novoportal\/wp-json\/wp\/v2\/posts\/81369\/revisions"}],"predecessor-version":[{"id":81373,"href":"https:\/\/www.sudoestehoje.com.br\/novoportal\/wp-json\/wp\/v2\/posts\/81369\/revisions\/81373"}],"wp:featuredmedia":[{"embeddable":true,"href":"https:\/\/www.sudoestehoje.com.br\/novoportal\/wp-json\/wp\/v2\/media\/81372"}],"wp:attachment":[{"href":"https:\/\/www.sudoestehoje.com.br\/novoportal\/wp-json\/wp\/v2\/media?parent=81369"}],"wp:term":[{"taxonomy":"category","embeddable":true,"href":"https:\/\/www.sudoestehoje.com.br\/novoportal\/wp-json\/wp\/v2\/categories?post=81369"},{"taxonomy":"post_tag","embeddable":true,"href":"https:\/\/www.sudoestehoje.com.br\/novoportal\/wp-json\/wp\/v2\/tags?post=81369"}],"curies":[{"name":"wp","href":"https:\/\/api.w.org\/{rel}","templated":true}]}}