
{"id":81350,"date":"2019-08-02T22:17:38","date_gmt":"2019-08-03T01:17:38","guid":{"rendered":"https:\/\/www.sudoestehoje.com.br\/novoportal\/?p=81350"},"modified":"2019-08-03T00:48:48","modified_gmt":"2019-08-03T03:48:48","slug":"itapetinga-ambulantes-do-centro-serao-removidos-para-novos-espacos","status":"publish","type":"post","link":"https:\/\/www.sudoestehoje.com.br\/novoportal\/2019\/08\/02\/itapetinga-ambulantes-do-centro-serao-removidos-para-novos-espacos\/","title":{"rendered":"ITAPETINGA: AMBULANTES DO CENTRO SER\u00c3O REMOVIDOS PARA NOVOS ESPA\u00c7OS"},"content":{"rendered":"<p><a href=\"https:\/\/www.sudoestehoje.com.br\/novoportal\/wp-content\/uploads\/2019\/08\/camelo-1.jpg\"><img loading=\"lazy\" decoding=\"async\" class=\"aligncenter size-medium wp-image-81352\" src=\"https:\/\/www.sudoestehoje.com.br\/novoportal\/wp-content\/uploads\/2019\/08\/camelo-1-500x375.jpg\" alt=\"\" width=\"500\" height=\"375\" srcset=\"https:\/\/www.sudoestehoje.com.br\/novoportal\/wp-content\/uploads\/2019\/08\/camelo-1-500x375.jpg 500w, https:\/\/www.sudoestehoje.com.br\/novoportal\/wp-content\/uploads\/2019\/08\/camelo-1-768x576.jpg 768w, https:\/\/www.sudoestehoje.com.br\/novoportal\/wp-content\/uploads\/2019\/08\/camelo-1-700x525.jpg 700w, https:\/\/www.sudoestehoje.com.br\/novoportal\/wp-content\/uploads\/2019\/08\/camelo-1.jpg 960w\" sizes=\"auto, (max-width: 500px) 100vw, 500px\" \/><\/a><\/p>\n<p>A partir da pr\u00f3xima segunda-feira (5), todos os ambulantes das \u00e1reas centrais de Itapetinga ser\u00e3o transferidos para \u00e1reas mais adequadas, desafogando as cal\u00e7adas e estacionamentos no centro comercial da cidade.<\/p>\n<p>Os camel\u00f4s ser\u00e3o transferidos para a Travessa Carneiro Ribeiro, que j\u00e1 foi preparada pela prefeitura para receb\u00ea-los em espa\u00e7os adequados.\u00a0Os vendedores de verduras e frutas que habitualmente negociam na Alameda Rui Barbosa e proximidades do Banco do Brasil, Pra\u00e7a da B\u00edblia e Bradesco, ter\u00e3o espa\u00e7os reservados na feira-livre da Central de Abastecimento.<\/p>\n<p><a href=\"https:\/\/www.sudoestehoje.com.br\/novoportal\/wp-content\/uploads\/2019\/08\/camelo-3.jpg\"><img loading=\"lazy\" decoding=\"async\" class=\"aligncenter size-medium wp-image-81355\" src=\"https:\/\/www.sudoestehoje.com.br\/novoportal\/wp-content\/uploads\/2019\/08\/camelo-3-500x375.jpg\" alt=\"\" width=\"500\" height=\"375\" srcset=\"https:\/\/www.sudoestehoje.com.br\/novoportal\/wp-content\/uploads\/2019\/08\/camelo-3-500x375.jpg 500w, https:\/\/www.sudoestehoje.com.br\/novoportal\/wp-content\/uploads\/2019\/08\/camelo-3-768x576.jpg 768w, https:\/\/www.sudoestehoje.com.br\/novoportal\/wp-content\/uploads\/2019\/08\/camelo-3-700x525.jpg 700w, https:\/\/www.sudoestehoje.com.br\/novoportal\/wp-content\/uploads\/2019\/08\/camelo-3.jpg 960w\" sizes=\"auto, (max-width: 500px) 100vw, 500px\" \/><\/a><\/p>\n<p>Na manh\u00e3 desta sexta-feira (2), todos os vendedores de verduras e frutas foram oficialmente notificados por agentes de Posturas, Meio Ambiente e Guarda Municipal.<\/p>\n<p>Os vendedores de roupas e outros artefatos, que atuam na Pra\u00e7a Augusto Carvalho e ruas pr\u00f3ximas, j\u00e1 se reuniram com representantes da prefeitura e aprovaram as novas medidas.<\/p>\n<p><a href=\"https:\/\/www.sudoestehoje.com.br\/novoportal\/wp-content\/uploads\/2019\/08\/camelo-2.jpg\"><img loading=\"lazy\" decoding=\"async\" class=\"aligncenter size-medium wp-image-81353\" src=\"https:\/\/www.sudoestehoje.com.br\/novoportal\/wp-content\/uploads\/2019\/08\/camelo-2-500x375.jpg\" alt=\"\" width=\"500\" height=\"375\" srcset=\"https:\/\/www.sudoestehoje.com.br\/novoportal\/wp-content\/uploads\/2019\/08\/camelo-2-500x375.jpg 500w, https:\/\/www.sudoestehoje.com.br\/novoportal\/wp-content\/uploads\/2019\/08\/camelo-2-768x576.jpg 768w, https:\/\/www.sudoestehoje.com.br\/novoportal\/wp-content\/uploads\/2019\/08\/camelo-2-700x525.jpg 700w, https:\/\/www.sudoestehoje.com.br\/novoportal\/wp-content\/uploads\/2019\/08\/camelo-2.jpg 960w\" sizes=\"auto, (max-width: 500px) 100vw, 500px\" \/><\/a><\/p>\n<p>A remo\u00e7\u00e3o ser\u00e1 acompanhada por agentes de posturas e Guarda Municipal, nas primeiras horas da manh\u00e3 de segunda-feira, segundo informa\u00e7\u00f5es colhidas pelo <em>Sudoeste Hoje.<\/em><\/p>\n<p><strong><em>Por Davi Ferraz\u00a0<\/em><\/strong><\/p>\n","protected":false},"excerpt":{"rendered":"<p>A partir da pr\u00f3xima segunda-feira (5), todos os ambulantes das \u00e1reas centrais de Itapetinga ser\u00e3o transferidos para \u00e1reas mais adequadas, desafogando as cal\u00e7adas e estacionamentos no centro comercial da cidade. Os camel\u00f4s ser\u00e3o transferidos para a Travessa Carneiro Ribeiro, que j\u00e1 foi preparada pela prefeitura para receb\u00ea-los em espa\u00e7os adequados.\u00a0Os vendedores de verduras e frutas [&hellip;]<\/p>\n","protected":false},"author":2,"featured_media":81352,"comment_status":"open","ping_status":"open","sticky":false,"template":"","format":"standard","meta":{"footnotes":"","_links_to":"","_links_to_target":""},"categories":[1],"tags":[],"class_list":["post-81350","post","type-post","status-publish","format-standard","has-post-thumbnail","hentry","category-geral"],"views":1205,"_links":{"self":[{"href":"https:\/\/www.sudoestehoje.com.br\/novoportal\/wp-json\/wp\/v2\/posts\/81350","targetHints":{"allow":["GET"]}}],"collection":[{"href":"https:\/\/www.sudoestehoje.com.br\/novoportal\/wp-json\/wp\/v2\/posts"}],"about":[{"href":"https:\/\/www.sudoestehoje.com.br\/novoportal\/wp-json\/wp\/v2\/types\/post"}],"author":[{"embeddable":true,"href":"https:\/\/www.sudoestehoje.com.br\/novoportal\/wp-json\/wp\/v2\/users\/2"}],"replies":[{"embeddable":true,"href":"https:\/\/www.sudoestehoje.com.br\/novoportal\/wp-json\/wp\/v2\/comments?post=81350"}],"version-history":[{"count":5,"href":"https:\/\/www.sudoestehoje.com.br\/novoportal\/wp-json\/wp\/v2\/posts\/81350\/revisions"}],"predecessor-version":[{"id":81359,"href":"https:\/\/www.sudoestehoje.com.br\/novoportal\/wp-json\/wp\/v2\/posts\/81350\/revisions\/81359"}],"wp:featuredmedia":[{"embeddable":true,"href":"https:\/\/www.sudoestehoje.com.br\/novoportal\/wp-json\/wp\/v2\/media\/81352"}],"wp:attachment":[{"href":"https:\/\/www.sudoestehoje.com.br\/novoportal\/wp-json\/wp\/v2\/media?parent=81350"}],"wp:term":[{"taxonomy":"category","embeddable":true,"href":"https:\/\/www.sudoestehoje.com.br\/novoportal\/wp-json\/wp\/v2\/categories?post=81350"},{"taxonomy":"post_tag","embeddable":true,"href":"https:\/\/www.sudoestehoje.com.br\/novoportal\/wp-json\/wp\/v2\/tags?post=81350"}],"curies":[{"name":"wp","href":"https:\/\/api.w.org\/{rel}","templated":true}]}}