
{"id":81341,"date":"2019-08-02T00:41:54","date_gmt":"2019-08-02T03:41:54","guid":{"rendered":"https:\/\/www.sudoestehoje.com.br\/novoportal\/?p=81341"},"modified":"2019-08-02T00:41:54","modified_gmt":"2019-08-02T03:41:54","slug":"sao-paulo-acerta-a-contratacao-de-daniel-alves-capitao-da-selecao","status":"publish","type":"post","link":"https:\/\/www.sudoestehoje.com.br\/novoportal\/2019\/08\/02\/sao-paulo-acerta-a-contratacao-de-daniel-alves-capitao-da-selecao\/","title":{"rendered":"S\u00c3O PAULO ACERTA A CONTRATA\u00c7\u00c3O DE DANIEL ALVES, CAPIT\u00c3O DA SELE\u00c7\u00c3O"},"content":{"rendered":"<p><a href=\"https:\/\/www.sudoestehoje.com.br\/novoportal\/wp-content\/uploads\/2019\/08\/daniel_alves_afp_3f7ebf7261.jpg\"><img loading=\"lazy\" decoding=\"async\" class=\"aligncenter size-medium wp-image-81342\" src=\"https:\/\/www.sudoestehoje.com.br\/novoportal\/wp-content\/uploads\/2019\/08\/daniel_alves_afp_3f7ebf7261-500x311.jpg\" alt=\"\" width=\"500\" height=\"311\" srcset=\"https:\/\/www.sudoestehoje.com.br\/novoportal\/wp-content\/uploads\/2019\/08\/daniel_alves_afp_3f7ebf7261-500x311.jpg 500w, https:\/\/www.sudoestehoje.com.br\/novoportal\/wp-content\/uploads\/2019\/08\/daniel_alves_afp_3f7ebf7261-768x478.jpg 768w, https:\/\/www.sudoestehoje.com.br\/novoportal\/wp-content\/uploads\/2019\/08\/daniel_alves_afp_3f7ebf7261-700x436.jpg 700w, https:\/\/www.sudoestehoje.com.br\/novoportal\/wp-content\/uploads\/2019\/08\/daniel_alves_afp_3f7ebf7261.jpg 940w\" sizes=\"auto, (max-width: 500px) 100vw, 500px\" \/><\/a><\/p>\n<p>\u00c9 oficial:\u00a0<strong>Daniel Alves<\/strong>\u00a0\u00e9 o novo refor\u00e7o do\u00a0<strong>S\u00e3o Paulo<\/strong>. O clube anunciou o acordo na noite desta quinta-feira (1).<\/p>\n<p>O capit\u00e3o da sele\u00e7\u00e3o brasileira na Copa Am\u00e9rica estava sem clube depois que o seu contrato com o Paris Saint-Germain acabou ao final da temporada europeia, no m\u00eas passado.<\/p>\n<p>Um membro da diretoria do S\u00e3o Paulo revelou que o contrato ser\u00e1 de 3 anos e meio. Ele vai usar a camisa 10 do time.<\/p>\n","protected":false},"excerpt":{"rendered":"<p>\u00c9 oficial:\u00a0Daniel Alves\u00a0\u00e9 o novo refor\u00e7o do\u00a0S\u00e3o Paulo. O clube anunciou o acordo na noite desta quinta-feira (1). O capit\u00e3o da sele\u00e7\u00e3o brasileira na Copa Am\u00e9rica estava sem clube depois que o seu contrato com o Paris Saint-Germain acabou ao final da temporada europeia, no m\u00eas passado. Um membro da diretoria do S\u00e3o Paulo revelou [&hellip;]<\/p>\n","protected":false},"author":2,"featured_media":81342,"comment_status":"open","ping_status":"open","sticky":false,"template":"","format":"standard","meta":{"footnotes":"","_links_to":"","_links_to_target":""},"categories":[1],"tags":[],"class_list":["post-81341","post","type-post","status-publish","format-standard","has-post-thumbnail","hentry","category-geral"],"views":851,"_links":{"self":[{"href":"https:\/\/www.sudoestehoje.com.br\/novoportal\/wp-json\/wp\/v2\/posts\/81341","targetHints":{"allow":["GET"]}}],"collection":[{"href":"https:\/\/www.sudoestehoje.com.br\/novoportal\/wp-json\/wp\/v2\/posts"}],"about":[{"href":"https:\/\/www.sudoestehoje.com.br\/novoportal\/wp-json\/wp\/v2\/types\/post"}],"author":[{"embeddable":true,"href":"https:\/\/www.sudoestehoje.com.br\/novoportal\/wp-json\/wp\/v2\/users\/2"}],"replies":[{"embeddable":true,"href":"https:\/\/www.sudoestehoje.com.br\/novoportal\/wp-json\/wp\/v2\/comments?post=81341"}],"version-history":[{"count":1,"href":"https:\/\/www.sudoestehoje.com.br\/novoportal\/wp-json\/wp\/v2\/posts\/81341\/revisions"}],"predecessor-version":[{"id":81343,"href":"https:\/\/www.sudoestehoje.com.br\/novoportal\/wp-json\/wp\/v2\/posts\/81341\/revisions\/81343"}],"wp:featuredmedia":[{"embeddable":true,"href":"https:\/\/www.sudoestehoje.com.br\/novoportal\/wp-json\/wp\/v2\/media\/81342"}],"wp:attachment":[{"href":"https:\/\/www.sudoestehoje.com.br\/novoportal\/wp-json\/wp\/v2\/media?parent=81341"}],"wp:term":[{"taxonomy":"category","embeddable":true,"href":"https:\/\/www.sudoestehoje.com.br\/novoportal\/wp-json\/wp\/v2\/categories?post=81341"},{"taxonomy":"post_tag","embeddable":true,"href":"https:\/\/www.sudoestehoje.com.br\/novoportal\/wp-json\/wp\/v2\/tags?post=81341"}],"curies":[{"name":"wp","href":"https:\/\/api.w.org\/{rel}","templated":true}]}}