
{"id":81335,"date":"2019-08-01T16:39:52","date_gmt":"2019-08-01T19:39:52","guid":{"rendered":"https:\/\/www.sudoestehoje.com.br\/novoportal\/?p=81335"},"modified":"2019-08-01T16:39:52","modified_gmt":"2019-08-01T19:39:52","slug":"video-mar-avanca-e-invade-praca-e-barracas-em-belmonte-no-sul-da-bahia","status":"publish","type":"post","link":"https:\/\/www.sudoestehoje.com.br\/novoportal\/2019\/08\/01\/video-mar-avanca-e-invade-praca-e-barracas-em-belmonte-no-sul-da-bahia\/","title":{"rendered":"V\u00cdDEO: MAR AVAN\u00c7A E INVADE PRA\u00c7A E BARRACAS EM BELMONTE, NO SUL DA BAHIA"},"content":{"rendered":"<div class=\"mc-column content-text active-extra-styles \" data-block-type=\"unstyled\" data-block-weight=\"35\" data-block-id=\"2\">\n<p data-track-category=\"Link no Texto\" data-track-links=\"\"><a href=\"https:\/\/www.sudoestehoje.com.br\/novoportal\/wp-content\/uploads\/2019\/08\/BEL-1.jpg\"><img loading=\"lazy\" decoding=\"async\" class=\"aligncenter size-medium wp-image-81336\" src=\"https:\/\/www.sudoestehoje.com.br\/novoportal\/wp-content\/uploads\/2019\/08\/BEL-1-500x281.jpg\" alt=\"\" width=\"500\" height=\"281\" srcset=\"https:\/\/www.sudoestehoje.com.br\/novoportal\/wp-content\/uploads\/2019\/08\/BEL-1-500x281.jpg 500w, https:\/\/www.sudoestehoje.com.br\/novoportal\/wp-content\/uploads\/2019\/08\/BEL-1-768x432.jpg 768w, https:\/\/www.sudoestehoje.com.br\/novoportal\/wp-content\/uploads\/2019\/08\/BEL-1-700x394.jpg 700w, https:\/\/www.sudoestehoje.com.br\/novoportal\/wp-content\/uploads\/2019\/08\/BEL-1.jpg 1280w\" sizes=\"auto, (max-width: 500px) 100vw, 500px\" \/><\/a><\/p>\n<p class=\"content-text__container \" data-track-category=\"Link no Texto\" data-track-links=\"\">A \u00e1gua do mar invadiu barracas de praia e at\u00e9 uma pra\u00e7a na orla de de Belmonte, cidade no sul da Bahia. N\u00e3o houve feridos. De acordo com a prefeitura do munic\u00edpio, o caso ocorreu na tarde de quarta-feira (31), na praia do Moreno, quando a mar\u00e9 encheu. As ondas atingiram quase 3 metros de altura.<\/p>\n<\/div>\n<div class=\"wall protected-content\">\n<div class=\"mc-column content-text active-extra-styles \" data-block-type=\"unstyled\" data-block-weight=\"33\" data-block-id=\"4\">\n<p class=\"content-text__container \" data-track-category=\"Link no Texto\" data-track-links=\"\">De acordo com o secret\u00e1rio de meio ambiente de Belmonte, Raimundo Abelha, alguns barraqueiros tiveram preju\u00edzos materiais. Essa \u00e9 a terceira vez que o mar avan\u00e7a na praia da cidade este ano.<\/p>\n<div class=\"mc-column content-text active-extra-styles \" data-block-type=\"unstyled\" data-block-weight=\"31\" data-block-id=\"8\">\n<p class=\"content-text__container \" data-track-category=\"Link no Texto\" data-track-links=\"\">H\u00e1 dois anos os moradores de Belmonte enfrentam a\u00a0eros\u00e3o costeira. Em 2017,\u00a0o mar avan\u00e7ou e derrubou o muro de uma casa que fica \u00e0 beira mar. Ningu\u00e9m ficou ferido.<\/p>\n<\/div>\n<div class=\"mc-column content-text active-extra-styles \" data-block-type=\"unstyled\" data-block-weight=\"30\" data-block-id=\"9\">\n<p class=\"content-text__container \" data-track-category=\"Link no Texto\" data-track-links=\"\">No mesmo ano, a \u00e1rea litor\u00e2nea da cidade ficou em\u00a0situa\u00e7\u00e3o de emerg\u00eancia por 180 dias, por causa da eros\u00e3o. O turismo e com\u00e9rcio da regi\u00e3o foram afetados pela situa\u00e7\u00e3o.<\/p>\n<p><iframe loading=\"lazy\" title=\"Belmonte invadida pelo mar\" width=\"500\" height=\"375\" src=\"https:\/\/www.youtube.com\/embed\/HP8QFaqqMO0?feature=oembed\" frameborder=\"0\" allow=\"accelerometer; autoplay; clipboard-write; encrypted-media; gyroscope; picture-in-picture; web-share\" referrerpolicy=\"strict-origin-when-cross-origin\" allowfullscreen><\/iframe><\/p>\n<\/div>\n<\/div>\n<\/div>\n","protected":false},"excerpt":{"rendered":"<p>A \u00e1gua do mar invadiu barracas de praia e at\u00e9 uma pra\u00e7a na orla de de Belmonte, cidade no sul da Bahia. N\u00e3o houve feridos. De acordo com a prefeitura do munic\u00edpio, o caso ocorreu na tarde de quarta-feira (31), na praia do Moreno, quando a mar\u00e9 encheu. As ondas atingiram quase 3 metros de [&hellip;]<\/p>\n","protected":false},"author":2,"featured_media":81336,"comment_status":"open","ping_status":"open","sticky":false,"template":"","format":"standard","meta":{"footnotes":"","_links_to":"","_links_to_target":""},"categories":[1],"tags":[],"class_list":["post-81335","post","type-post","status-publish","format-standard","has-post-thumbnail","hentry","category-geral"],"views":844,"_links":{"self":[{"href":"https:\/\/www.sudoestehoje.com.br\/novoportal\/wp-json\/wp\/v2\/posts\/81335","targetHints":{"allow":["GET"]}}],"collection":[{"href":"https:\/\/www.sudoestehoje.com.br\/novoportal\/wp-json\/wp\/v2\/posts"}],"about":[{"href":"https:\/\/www.sudoestehoje.com.br\/novoportal\/wp-json\/wp\/v2\/types\/post"}],"author":[{"embeddable":true,"href":"https:\/\/www.sudoestehoje.com.br\/novoportal\/wp-json\/wp\/v2\/users\/2"}],"replies":[{"embeddable":true,"href":"https:\/\/www.sudoestehoje.com.br\/novoportal\/wp-json\/wp\/v2\/comments?post=81335"}],"version-history":[{"count":2,"href":"https:\/\/www.sudoestehoje.com.br\/novoportal\/wp-json\/wp\/v2\/posts\/81335\/revisions"}],"predecessor-version":[{"id":81338,"href":"https:\/\/www.sudoestehoje.com.br\/novoportal\/wp-json\/wp\/v2\/posts\/81335\/revisions\/81338"}],"wp:featuredmedia":[{"embeddable":true,"href":"https:\/\/www.sudoestehoje.com.br\/novoportal\/wp-json\/wp\/v2\/media\/81336"}],"wp:attachment":[{"href":"https:\/\/www.sudoestehoje.com.br\/novoportal\/wp-json\/wp\/v2\/media?parent=81335"}],"wp:term":[{"taxonomy":"category","embeddable":true,"href":"https:\/\/www.sudoestehoje.com.br\/novoportal\/wp-json\/wp\/v2\/categories?post=81335"},{"taxonomy":"post_tag","embeddable":true,"href":"https:\/\/www.sudoestehoje.com.br\/novoportal\/wp-json\/wp\/v2\/tags?post=81335"}],"curies":[{"name":"wp","href":"https:\/\/api.w.org\/{rel}","templated":true}]}}