
{"id":81332,"date":"2019-08-01T11:45:58","date_gmt":"2019-08-01T14:45:58","guid":{"rendered":"https:\/\/www.sudoestehoje.com.br\/novoportal\/?p=81332"},"modified":"2019-08-01T11:45:58","modified_gmt":"2019-08-01T14:45:58","slug":"itapetinga-sessoes-da-camara-de-vereadores-retornam-nesta-quinta-feira","status":"publish","type":"post","link":"https:\/\/www.sudoestehoje.com.br\/novoportal\/2019\/08\/01\/itapetinga-sessoes-da-camara-de-vereadores-retornam-nesta-quinta-feira\/","title":{"rendered":"ITAPETINGA: SESS\u00d5ES DA C\u00c2MARA DE VEREADORES RETORNAM NESTA QUINTA-FEIRA"},"content":{"rendered":"<p><a href=\"https:\/\/www.sudoestehoje.com.br\/novoportal\/wp-content\/uploads\/2019\/08\/sess\u00e3o-camara.jpg\"><img loading=\"lazy\" decoding=\"async\" class=\"aligncenter size-medium wp-image-81333\" src=\"https:\/\/www.sudoestehoje.com.br\/novoportal\/wp-content\/uploads\/2019\/08\/sess\u00e3o-camara-500x500.jpg\" alt=\"\" width=\"500\" height=\"500\" srcset=\"https:\/\/www.sudoestehoje.com.br\/novoportal\/wp-content\/uploads\/2019\/08\/sess\u00e3o-camara-500x500.jpg 500w, https:\/\/www.sudoestehoje.com.br\/novoportal\/wp-content\/uploads\/2019\/08\/sess\u00e3o-camara-150x150.jpg 150w, https:\/\/www.sudoestehoje.com.br\/novoportal\/wp-content\/uploads\/2019\/08\/sess\u00e3o-camara-768x768.jpg 768w, https:\/\/www.sudoestehoje.com.br\/novoportal\/wp-content\/uploads\/2019\/08\/sess\u00e3o-camara-700x700.jpg 700w, https:\/\/www.sudoestehoje.com.br\/novoportal\/wp-content\/uploads\/2019\/08\/sess\u00e3o-camara.jpg 960w\" sizes=\"auto, (max-width: 500px) 100vw, 500px\" \/><\/a><\/p>\n<p>Depois do per\u00edodo de recesso parlamentar de julho, a C\u00e2mara de Vereadores de Itapetinga retorna aos trabalhos nesta quinta-feira (1), com sess\u00e3o a partir das 19h.<\/p>\n<p>Al\u00e9m de ser permitido por lei o amplo acesso da popula\u00e7\u00e3o \u00e0s sess\u00f5es legislativas, a c\u00e2mara de vereadores disponibiliza \u00e0s pessoas que preferem ficar em casa, as transmiss\u00f5es atrav\u00e9s de duas emissoras de r\u00e1dio (Fascina\u00e7\u00e3o e Cidade FM), al\u00e9m da transmiss\u00e3o ao vivo pela internet, via G4TV.<\/p>\n<p><strong><em>Por Davi Ferraz<\/em><\/strong><\/p>\n","protected":false},"excerpt":{"rendered":"<p>Depois do per\u00edodo de recesso parlamentar de julho, a C\u00e2mara de Vereadores de Itapetinga retorna aos trabalhos nesta quinta-feira (1), com sess\u00e3o a partir das 19h. Al\u00e9m de ser permitido por lei o amplo acesso da popula\u00e7\u00e3o \u00e0s sess\u00f5es legislativas, a c\u00e2mara de vereadores disponibiliza \u00e0s pessoas que preferem ficar em casa, as transmiss\u00f5es atrav\u00e9s [&hellip;]<\/p>\n","protected":false},"author":2,"featured_media":81333,"comment_status":"open","ping_status":"open","sticky":false,"template":"","format":"standard","meta":{"footnotes":"","_links_to":"","_links_to_target":""},"categories":[1],"tags":[],"class_list":["post-81332","post","type-post","status-publish","format-standard","has-post-thumbnail","hentry","category-geral"],"views":738,"_links":{"self":[{"href":"https:\/\/www.sudoestehoje.com.br\/novoportal\/wp-json\/wp\/v2\/posts\/81332","targetHints":{"allow":["GET"]}}],"collection":[{"href":"https:\/\/www.sudoestehoje.com.br\/novoportal\/wp-json\/wp\/v2\/posts"}],"about":[{"href":"https:\/\/www.sudoestehoje.com.br\/novoportal\/wp-json\/wp\/v2\/types\/post"}],"author":[{"embeddable":true,"href":"https:\/\/www.sudoestehoje.com.br\/novoportal\/wp-json\/wp\/v2\/users\/2"}],"replies":[{"embeddable":true,"href":"https:\/\/www.sudoestehoje.com.br\/novoportal\/wp-json\/wp\/v2\/comments?post=81332"}],"version-history":[{"count":1,"href":"https:\/\/www.sudoestehoje.com.br\/novoportal\/wp-json\/wp\/v2\/posts\/81332\/revisions"}],"predecessor-version":[{"id":81334,"href":"https:\/\/www.sudoestehoje.com.br\/novoportal\/wp-json\/wp\/v2\/posts\/81332\/revisions\/81334"}],"wp:featuredmedia":[{"embeddable":true,"href":"https:\/\/www.sudoestehoje.com.br\/novoportal\/wp-json\/wp\/v2\/media\/81333"}],"wp:attachment":[{"href":"https:\/\/www.sudoestehoje.com.br\/novoportal\/wp-json\/wp\/v2\/media?parent=81332"}],"wp:term":[{"taxonomy":"category","embeddable":true,"href":"https:\/\/www.sudoestehoje.com.br\/novoportal\/wp-json\/wp\/v2\/categories?post=81332"},{"taxonomy":"post_tag","embeddable":true,"href":"https:\/\/www.sudoestehoje.com.br\/novoportal\/wp-json\/wp\/v2\/tags?post=81332"}],"curies":[{"name":"wp","href":"https:\/\/api.w.org\/{rel}","templated":true}]}}