
{"id":81329,"date":"2019-08-01T11:01:04","date_gmt":"2019-08-01T14:01:04","guid":{"rendered":"https:\/\/www.sudoestehoje.com.br\/novoportal\/?p=81329"},"modified":"2019-08-01T11:01:04","modified_gmt":"2019-08-01T14:01:04","slug":"itapetinga-vice-renan-pereira-assume-prefeitura-durante-licenca-de-rodrigo","status":"publish","type":"post","link":"https:\/\/www.sudoestehoje.com.br\/novoportal\/2019\/08\/01\/itapetinga-vice-renan-pereira-assume-prefeitura-durante-licenca-de-rodrigo\/","title":{"rendered":"ITAPETINGA: VICE RENAN PEREIRA ASSUME PREFEITURA DURANTE LICEN\u00c7A DE RODRIGO"},"content":{"rendered":"<p><a href=\"https:\/\/www.sudoestehoje.com.br\/novoportal\/wp-content\/uploads\/2019\/08\/RODRIGO-E-RENAN3.jpg\"><img loading=\"lazy\" decoding=\"async\" class=\"aligncenter size-medium wp-image-81330\" src=\"https:\/\/www.sudoestehoje.com.br\/novoportal\/wp-content\/uploads\/2019\/08\/RODRIGO-E-RENAN3-500x263.jpg\" alt=\"\" width=\"500\" height=\"263\" srcset=\"https:\/\/www.sudoestehoje.com.br\/novoportal\/wp-content\/uploads\/2019\/08\/RODRIGO-E-RENAN3-500x263.jpg 500w, https:\/\/www.sudoestehoje.com.br\/novoportal\/wp-content\/uploads\/2019\/08\/RODRIGO-E-RENAN3-768x403.jpg 768w, https:\/\/www.sudoestehoje.com.br\/novoportal\/wp-content\/uploads\/2019\/08\/RODRIGO-E-RENAN3-700x368.jpg 700w, https:\/\/www.sudoestehoje.com.br\/novoportal\/wp-content\/uploads\/2019\/08\/RODRIGO-E-RENAN3.jpg 1200w\" sizes=\"auto, (max-width: 500px) 100vw, 500px\" \/><\/a><\/p>\n<p>Est\u00e1 previsto para a tarde desta quinta-feira (1), a transfer\u00eancia do cargo de prefeito para o vice Renan Pereira (DEM), que assumir\u00e1 a chefia do Poder Executivo durante licen\u00e7a do prefeito Rodrigo Hagge, por um curto per\u00edodo, para acompanhar nascimento e assist\u00eancia \u00e0 sua filha rec\u00e9m nascida em Salvador.<\/p>\n<p>Rodrigo e Renan Pereira v\u00eam mantendo, at\u00e9 o momento, uma rela\u00e7\u00e3o positiva \u00e0 frente do governo municipal, com respeito m\u00fatuo e conson\u00e2ncia em rela\u00e7\u00e3o aos interesses do munic\u00edpio.<\/p>\n<p>A transmiss\u00e3o do cargo acontecer\u00e1 \u00e0s 15h desta quinta, no gabinete de Renan Pereira, no pr\u00e9dio anexo ao lado da prefeitura.<\/p>\n<p><strong><em>Por Davi Ferraz<\/em><\/strong><\/p>\n","protected":false},"excerpt":{"rendered":"<p>Est\u00e1 previsto para a tarde desta quinta-feira (1), a transfer\u00eancia do cargo de prefeito para o vice Renan Pereira (DEM), que assumir\u00e1 a chefia do Poder Executivo durante licen\u00e7a do prefeito Rodrigo Hagge, por um curto per\u00edodo, para acompanhar nascimento e assist\u00eancia \u00e0 sua filha rec\u00e9m nascida em Salvador. Rodrigo e Renan Pereira v\u00eam mantendo, [&hellip;]<\/p>\n","protected":false},"author":2,"featured_media":81330,"comment_status":"open","ping_status":"open","sticky":false,"template":"","format":"standard","meta":{"footnotes":"","_links_to":"","_links_to_target":""},"categories":[1],"tags":[],"class_list":["post-81329","post","type-post","status-publish","format-standard","has-post-thumbnail","hentry","category-geral"],"views":1071,"_links":{"self":[{"href":"https:\/\/www.sudoestehoje.com.br\/novoportal\/wp-json\/wp\/v2\/posts\/81329","targetHints":{"allow":["GET"]}}],"collection":[{"href":"https:\/\/www.sudoestehoje.com.br\/novoportal\/wp-json\/wp\/v2\/posts"}],"about":[{"href":"https:\/\/www.sudoestehoje.com.br\/novoportal\/wp-json\/wp\/v2\/types\/post"}],"author":[{"embeddable":true,"href":"https:\/\/www.sudoestehoje.com.br\/novoportal\/wp-json\/wp\/v2\/users\/2"}],"replies":[{"embeddable":true,"href":"https:\/\/www.sudoestehoje.com.br\/novoportal\/wp-json\/wp\/v2\/comments?post=81329"}],"version-history":[{"count":1,"href":"https:\/\/www.sudoestehoje.com.br\/novoportal\/wp-json\/wp\/v2\/posts\/81329\/revisions"}],"predecessor-version":[{"id":81331,"href":"https:\/\/www.sudoestehoje.com.br\/novoportal\/wp-json\/wp\/v2\/posts\/81329\/revisions\/81331"}],"wp:featuredmedia":[{"embeddable":true,"href":"https:\/\/www.sudoestehoje.com.br\/novoportal\/wp-json\/wp\/v2\/media\/81330"}],"wp:attachment":[{"href":"https:\/\/www.sudoestehoje.com.br\/novoportal\/wp-json\/wp\/v2\/media?parent=81329"}],"wp:term":[{"taxonomy":"category","embeddable":true,"href":"https:\/\/www.sudoestehoje.com.br\/novoportal\/wp-json\/wp\/v2\/categories?post=81329"},{"taxonomy":"post_tag","embeddable":true,"href":"https:\/\/www.sudoestehoje.com.br\/novoportal\/wp-json\/wp\/v2\/tags?post=81329"}],"curies":[{"name":"wp","href":"https:\/\/api.w.org\/{rel}","templated":true}]}}