
{"id":81306,"date":"2019-07-31T12:48:57","date_gmt":"2019-07-31T15:48:57","guid":{"rendered":"https:\/\/www.sudoestehoje.com.br\/novoportal\/?p=81306"},"modified":"2019-07-31T12:48:57","modified_gmt":"2019-07-31T15:48:57","slug":"funcionarios-dos-correios-anunciam-greve-a-partir-desta-quarta-feira-a-noite","status":"publish","type":"post","link":"https:\/\/www.sudoestehoje.com.br\/novoportal\/2019\/07\/31\/funcionarios-dos-correios-anunciam-greve-a-partir-desta-quarta-feira-a-noite\/","title":{"rendered":"FUNCION\u00c1RIOS DOS CORREIOS ANUNCIAM GREVE A PARTIR DESTA QUARTA-FEIRA \u00c0 NOITE"},"content":{"rendered":"<p><a href=\"https:\/\/www.sudoestehoje.com.br\/novoportal\/wp-content\/uploads\/2019\/07\/CORREIO-GREVE-1.jpg\"><img loading=\"lazy\" decoding=\"async\" class=\"aligncenter size-medium wp-image-81308\" src=\"https:\/\/www.sudoestehoje.com.br\/novoportal\/wp-content\/uploads\/2019\/07\/CORREIO-GREVE-1-500x260.jpg\" alt=\"\" width=\"500\" height=\"260\" srcset=\"https:\/\/www.sudoestehoje.com.br\/novoportal\/wp-content\/uploads\/2019\/07\/CORREIO-GREVE-1-500x260.jpg 500w, https:\/\/www.sudoestehoje.com.br\/novoportal\/wp-content\/uploads\/2019\/07\/CORREIO-GREVE-1.jpg 540w\" sizes=\"auto, (max-width: 500px) 100vw, 500px\" \/><\/a><\/p>\n<p>Os funcion\u00e1rios dos Correios anunciaram uma greve a partir da noite desta quarta-feira (31). A Federa\u00e7\u00e3o Nacional dos Trabalhadores em Empresas de Correios e Tel\u00e9grafos e Similares (Fentect) teve uma reuni\u00e3o com a diretoria da empresa na manh\u00e3 da \u00faltima ter\u00e7a-feira (30), mas o encontro terminou sem acordos.<\/p>\n<p>A Fentect enviou ao novo presidente dos Correios, Floriano Peixoto, que assumiu a companhia no dia 21 de junho, um of\u00edcio informando que a paralisa\u00e7\u00e3o por tempo indeterminado se dar\u00e1 por \u201creivindica\u00e7\u00f5es n\u00e3o atendidas pela empresa \u00e0 mesa de negocia\u00e7\u00e3o\u201d e por falta de \u201creajuste salarial e contra a retirada de direitos hist\u00f3ricos da categoria\u201d.<\/p>\n<p>Durante o dia, representantes dos funcion\u00e1rios ir\u00e3o ao Tribunal Superior do Trabalho, que tenta mediar as conversas e impedir a greve. Ser\u00e3o discutidos temas caros aos funcion\u00e1rios, como o \u201cbaixo reajuste salarial\u201d e a retirada dos pais como dependentes no plano de sa\u00fade dos empregados.<\/p>\n<p>A empresa tamb\u00e9m quer debater a taxa de coparticipa\u00e7\u00e3o dos funcion\u00e1rios nos conv\u00eanios m\u00e9dicos, que hoje est\u00e1 na casa dos 30%. Os correios carregam uma conta de 6 bilh\u00f5es de reais com planos de sa\u00fade e previd\u00eancia dos funcion\u00e1rios.<\/p>\n","protected":false},"excerpt":{"rendered":"<p>Os funcion\u00e1rios dos Correios anunciaram uma greve a partir da noite desta quarta-feira (31). A Federa\u00e7\u00e3o Nacional dos Trabalhadores em Empresas de Correios e Tel\u00e9grafos e Similares (Fentect) teve uma reuni\u00e3o com a diretoria da empresa na manh\u00e3 da \u00faltima ter\u00e7a-feira (30), mas o encontro terminou sem acordos. A Fentect enviou ao novo presidente dos [&hellip;]<\/p>\n","protected":false},"author":2,"featured_media":81308,"comment_status":"open","ping_status":"open","sticky":false,"template":"","format":"standard","meta":{"footnotes":"","_links_to":"","_links_to_target":""},"categories":[1],"tags":[],"class_list":["post-81306","post","type-post","status-publish","format-standard","has-post-thumbnail","hentry","category-geral"],"views":685,"_links":{"self":[{"href":"https:\/\/www.sudoestehoje.com.br\/novoportal\/wp-json\/wp\/v2\/posts\/81306","targetHints":{"allow":["GET"]}}],"collection":[{"href":"https:\/\/www.sudoestehoje.com.br\/novoportal\/wp-json\/wp\/v2\/posts"}],"about":[{"href":"https:\/\/www.sudoestehoje.com.br\/novoportal\/wp-json\/wp\/v2\/types\/post"}],"author":[{"embeddable":true,"href":"https:\/\/www.sudoestehoje.com.br\/novoportal\/wp-json\/wp\/v2\/users\/2"}],"replies":[{"embeddable":true,"href":"https:\/\/www.sudoestehoje.com.br\/novoportal\/wp-json\/wp\/v2\/comments?post=81306"}],"version-history":[{"count":2,"href":"https:\/\/www.sudoestehoje.com.br\/novoportal\/wp-json\/wp\/v2\/posts\/81306\/revisions"}],"predecessor-version":[{"id":81309,"href":"https:\/\/www.sudoestehoje.com.br\/novoportal\/wp-json\/wp\/v2\/posts\/81306\/revisions\/81309"}],"wp:featuredmedia":[{"embeddable":true,"href":"https:\/\/www.sudoestehoje.com.br\/novoportal\/wp-json\/wp\/v2\/media\/81308"}],"wp:attachment":[{"href":"https:\/\/www.sudoestehoje.com.br\/novoportal\/wp-json\/wp\/v2\/media?parent=81306"}],"wp:term":[{"taxonomy":"category","embeddable":true,"href":"https:\/\/www.sudoestehoje.com.br\/novoportal\/wp-json\/wp\/v2\/categories?post=81306"},{"taxonomy":"post_tag","embeddable":true,"href":"https:\/\/www.sudoestehoje.com.br\/novoportal\/wp-json\/wp\/v2\/tags?post=81306"}],"curies":[{"name":"wp","href":"https:\/\/api.w.org\/{rel}","templated":true}]}}