
{"id":81302,"date":"2019-07-31T12:44:35","date_gmt":"2019-07-31T15:44:35","guid":{"rendered":"https:\/\/www.sudoestehoje.com.br\/novoportal\/?p=81302"},"modified":"2019-07-31T12:44:35","modified_gmt":"2019-07-31T15:44:35","slug":"ex-vereador-de-itabuna-e-condenado-a-19-anos-de-prisao-por-fraude-em-licitacao","status":"publish","type":"post","link":"https:\/\/www.sudoestehoje.com.br\/novoportal\/2019\/07\/31\/ex-vereador-de-itabuna-e-condenado-a-19-anos-de-prisao-por-fraude-em-licitacao\/","title":{"rendered":"EX-VEREADOR DE ITABUNA \u00c9 CONDENADO A 19 ANOS DE PRIS\u00c3O POR FRAUDE EM LICITA\u00c7\u00c3O"},"content":{"rendered":"<div class=\"mc-column content-text active-extra-styles active-capital-letter\" data-block-type=\"unstyled\" data-block-weight=\"46\" data-block-id=\"1\">\n<p data-track-category=\"Link no Texto\" data-track-links=\"\"><a href=\"https:\/\/www.sudoestehoje.com.br\/novoportal\/wp-content\/uploads\/2019\/07\/LOYOLA.jpg\"><img loading=\"lazy\" decoding=\"async\" class=\"aligncenter size-medium wp-image-81304\" src=\"https:\/\/www.sudoestehoje.com.br\/novoportal\/wp-content\/uploads\/2019\/07\/LOYOLA-500x301.jpg\" alt=\"\" width=\"500\" height=\"301\" srcset=\"https:\/\/www.sudoestehoje.com.br\/novoportal\/wp-content\/uploads\/2019\/07\/LOYOLA-500x301.jpg 500w, https:\/\/www.sudoestehoje.com.br\/novoportal\/wp-content\/uploads\/2019\/07\/LOYOLA-768x462.jpg 768w, https:\/\/www.sudoestehoje.com.br\/novoportal\/wp-content\/uploads\/2019\/07\/LOYOLA-700x421.jpg 700w, https:\/\/www.sudoestehoje.com.br\/novoportal\/wp-content\/uploads\/2019\/07\/LOYOLA.jpg 800w\" sizes=\"auto, (max-width: 500px) 100vw, 500px\" \/><\/a><\/p>\n<p class=\"content-text__container theme-color-primary-first-letter\" data-track-category=\"Link no Texto\" data-track-links=\"\">O ex-vereador de Itabuna, Cl\u00f3vis Loiola de Freitas, foi condenado a 19 anos e cinco meses de pris\u00e3o em regime fechado, por conta de contrata\u00e7\u00f5es irregulares de empresas, feitas por meio de processos licitat\u00e1rios nulos e fraudulentos, na C\u00e2mara de Vereadores da cidade, em 2012.<\/p>\n<\/div>\n<div class=\"wall protected-content\">\n<div class=\"mc-column content-text active-extra-styles \" data-block-type=\"unstyled\" data-block-weight=\"69\" data-block-id=\"2\">\n<p class=\"content-text__container \" data-track-category=\"Link no Texto\" data-track-links=\"\">O julgamento do caso ocorreu na ter\u00e7a-feira (30), e a senten\u00e7a foi dada por Eros Cavalcanti, juiz da 2\u00aa Vara Criminal de Itabuna. No total, dez pessoas foram julgadas, acusadas de participar das fraudes. Al\u00e9m de Loiola, outros quatro funcion\u00e1rios da C\u00e2mara foram condenados e tr\u00eas foram absolvidos. Outras duas pessoas tiveram a punibilidade extinta e o processo suspenso.\u00a0<strong><em>[Confira lista com os nomes ao fim da reportagem]<\/em><\/strong><\/p>\n<\/div>\n<div class=\"mc-column content-text active-extra-styles \" data-block-type=\"unstyled\" data-block-weight=\"37\" data-block-id=\"3\">\n<p class=\"content-text__container \" data-track-category=\"Link no Texto\" data-track-links=\"\">Segundo a a\u00e7\u00e3o movida pelo Minist\u00e9rio P\u00fablico, que resultou no julgamento, havia um esquema para beneficiar empresas nas licita\u00e7\u00f5es, ou propiciar a contrata\u00e7\u00e3o de empresa que se encarregava unicamente de fomentar os desvios de verba p\u00fablicas.<\/p>\n<\/div>\n<div class=\"mc-column content-text active-extra-styles \" data-block-type=\"unstyled\" data-block-weight=\"29\" data-block-id=\"4\">\n<p class=\"content-text__container \" data-track-category=\"Link no Texto\" data-track-links=\"\">Diante das senten\u00e7as, a Justi\u00e7a vai enviar as intima\u00e7\u00f5es para os r\u00e9us ainda nesta quarta-feira (31). Apenas Cl\u00f3vis Loiola, que j\u00e1 est\u00e1 preso, vai ser intimado de forma presencial.<\/p>\n<\/div>\n<div class=\"mc-column content-text active-extra-styles \" data-block-type=\"unstyled\" data-block-weight=\"41\" data-block-id=\"5\">\n<p class=\"content-text__container \" data-track-category=\"Link no Texto\" data-track-links=\"\">O ex-vereador foi preso em flagrante em julho deste ano,\u00a0por prometer vantagens em marca\u00e7\u00f5es de exames, consultas e cirurgias, em troca de dinheiro. Foi a segunda vez que Cl\u00f3vis Loiola foi preso, sendo que a primeira foi por improbidade administrativa.<\/p>\n<\/div>\n<div class=\"mc-column content-text active-extra-styles \" data-block-type=\"unstyled\" data-block-weight=\"41\" data-block-id=\"6\">\n<p class=\"content-text__container \" data-track-category=\"Link no Texto\" data-track-links=\"\">Dois dias ap\u00f3s a segunda pris\u00e3o, no dia 4 de julho, o ex-vereador teve um mandado de pris\u00e3o da Justi\u00e7a Federal cumprido, referente \u00e0 gest\u00e3o dele como presidente da C\u00e2mara de Vereadores de Itabuna, entre os anos de 2009 e 2010.<\/p>\n<\/div>\n<div class=\"mc-column content-text active-extra-styles \" data-block-type=\"unstyled\" data-block-weight=\"16\" data-block-id=\"7\">\n<p class=\"content-text__container \" data-track-category=\"Link no Texto\" data-track-links=\"\">O\u00a0<strong>G1<\/strong>\u00a0busca contato com a defesa do ex-vereador Cl\u00f3vis Loiola, para saber o posicionamento dele.<\/p>\n<\/div>\n<div class=\"mc-column content-text active-extra-styles\" data-block-type=\"raw\" data-block-weight=\"3\" data-block-id=\"8\">\n<div class=\"content-intertitle\">\n<h2>Resultado do julgamento<\/h2>\n<\/div>\n<\/div>\n<div class=\"mc-column content-text active-extra-styles \" data-block-type=\"unstyled\" data-block-weight=\"1\" data-block-id=\"9\">\n<p class=\"content-text__container \" data-track-category=\"Link no Texto\" data-track-links=\"\"><strong>CONDENADOS<\/strong><\/p>\n<\/div>\n<div class=\"mc-column content-text active-extra-styles\" data-block-type=\"raw\" data-block-weight=\"114\" data-block-id=\"10\">\n<ul class=\"content-unordered-list\">\n<li><strong>Cl\u00f3vis Loiola de Freitas:<\/strong>\u00a0condenado a 19 anos e 5 meses (regime fechado, sem o direito de recorrer em liberdade)<\/li>\n<li><strong>Alisson Cerqueira Rodrigues:<\/strong>\u00a0condenado a 2 anos e 8 meses (inicialmente regime aberto, substitu\u00edda por medidas restritivas de direitos de presta\u00e7\u00e3o de servi\u00e7os a comunidade e presta\u00e7\u00e3o pecuni\u00e1ria equivalente a tr\u00eas sal\u00e1rios m\u00ednimos para uma institui\u00e7\u00e3o beneficente)<\/li>\n<li><strong>Jos\u00e9 Rodrigues J\u00fanior:<\/strong>\u00a0condenado a 5 anos (regime inicialmente fechado, com direito de recorrer em liberdade)<\/li>\n<li><strong>Eduardo Freire de Menezes:<\/strong>\u00a0condenado a 10 anos e 10 meses (regime inicialmente fechado, com direito de recorrer em liberdade)<\/li>\n<li><strong>Kleber Ferreira da Silva:<\/strong>\u00a0condenado a 15 anos e 20 dias (regime inicialmente fechado, com direito de recorrer em liberdade)<\/li>\n<\/ul>\n<\/div>\n<div class=\"content-ads content-ads--reveal\" data-block-type=\"ads\" data-block-id=\"11\">\n<div id=\"banner_materia2\" class=\"tag-manager-publicidade-container mc-has-reveal mc-has-ad-lazyload tag-manager-publicidade-banner_materia2 tag-manager-publicidade-container--carregado tag-manager-publicidade-container--visivel\" data-id=\"banner_materia2\" data-google-query-id=\"CMqvkv693-MCFUR0wQodQrMGrQ\" data-cid=\"138276993825\" data-lid=\"5125879113\">\n<div id=\"google_ads_iframe_\/95377733\/tvg_G1\/Sua_Regiao&gt;Nordeste&gt;Bahia_2__container__\" style=\"box-sizing: inherit; margin: auto; padding: 0px; border: 0pt none; font: inherit; vertical-align: baseline; width: 970px; max-width: 100%; text-align: left;\"><strong>ABSOLVIDOS<\/strong><\/div>\n<\/div>\n<\/div>\n<div class=\"mc-column content-text active-extra-styles\" data-block-type=\"raw\" data-block-weight=\"12\" data-block-id=\"13\">\n<ul class=\"content-unordered-list\">\n<li><strong>Norm\u00e9lia Barbosa Silva<\/strong><\/li>\n<li><strong>Roberto Tadeu Pontes de Souza<\/strong><\/li>\n<li><strong>Jos\u00e9 Ricardo Mattos Bacelar<\/strong><\/li>\n<\/ul>\n<\/div>\n<div class=\"mc-column content-text active-extra-styles \" data-block-type=\"unstyled\" data-block-weight=\"1\" data-block-id=\"14\">\n<p class=\"content-text__container \" data-track-category=\"Link no Texto\" data-track-links=\"\"><strong>OUTROS<\/strong><\/p>\n<\/div>\n<div data-track-category=\"multicontent\" data-track-action=\"ultimo chunk conteudo\" data-track-noninteraction=\"false\" data-track-scroll=\"view\">\n<div class=\"mc-column content-text active-extra-styles\" data-block-type=\"raw\" data-block-weight=\"14\" data-block-id=\"15\">\n<ul class=\"content-unordered-list\">\n<li><strong>Ant\u00f4nio Jos\u00e9 Pinto Muniz:\u00a0<\/strong>extinta a punibilidade<\/li>\n<li><strong>Rui Barbosa da Silva:\u00a0<\/strong>processo foi suspenso<\/li>\n<\/ul>\n<\/div>\n<\/div>\n<\/div>\n","protected":false},"excerpt":{"rendered":"<p>O ex-vereador de Itabuna, Cl\u00f3vis Loiola de Freitas, foi condenado a 19 anos e cinco meses de pris\u00e3o em regime fechado, por conta de contrata\u00e7\u00f5es irregulares de empresas, feitas por meio de processos licitat\u00e1rios nulos e fraudulentos, na C\u00e2mara de Vereadores da cidade, em 2012. O julgamento do caso ocorreu na ter\u00e7a-feira (30), e a [&hellip;]<\/p>\n","protected":false},"author":2,"featured_media":81304,"comment_status":"open","ping_status":"open","sticky":false,"template":"","format":"standard","meta":{"footnotes":"","_links_to":"","_links_to_target":""},"categories":[1],"tags":[],"class_list":["post-81302","post","type-post","status-publish","format-standard","has-post-thumbnail","hentry","category-geral"],"views":989,"_links":{"self":[{"href":"https:\/\/www.sudoestehoje.com.br\/novoportal\/wp-json\/wp\/v2\/posts\/81302","targetHints":{"allow":["GET"]}}],"collection":[{"href":"https:\/\/www.sudoestehoje.com.br\/novoportal\/wp-json\/wp\/v2\/posts"}],"about":[{"href":"https:\/\/www.sudoestehoje.com.br\/novoportal\/wp-json\/wp\/v2\/types\/post"}],"author":[{"embeddable":true,"href":"https:\/\/www.sudoestehoje.com.br\/novoportal\/wp-json\/wp\/v2\/users\/2"}],"replies":[{"embeddable":true,"href":"https:\/\/www.sudoestehoje.com.br\/novoportal\/wp-json\/wp\/v2\/comments?post=81302"}],"version-history":[{"count":2,"href":"https:\/\/www.sudoestehoje.com.br\/novoportal\/wp-json\/wp\/v2\/posts\/81302\/revisions"}],"predecessor-version":[{"id":81305,"href":"https:\/\/www.sudoestehoje.com.br\/novoportal\/wp-json\/wp\/v2\/posts\/81302\/revisions\/81305"}],"wp:featuredmedia":[{"embeddable":true,"href":"https:\/\/www.sudoestehoje.com.br\/novoportal\/wp-json\/wp\/v2\/media\/81304"}],"wp:attachment":[{"href":"https:\/\/www.sudoestehoje.com.br\/novoportal\/wp-json\/wp\/v2\/media?parent=81302"}],"wp:term":[{"taxonomy":"category","embeddable":true,"href":"https:\/\/www.sudoestehoje.com.br\/novoportal\/wp-json\/wp\/v2\/categories?post=81302"},{"taxonomy":"post_tag","embeddable":true,"href":"https:\/\/www.sudoestehoje.com.br\/novoportal\/wp-json\/wp\/v2\/tags?post=81302"}],"curies":[{"name":"wp","href":"https:\/\/api.w.org\/{rel}","templated":true}]}}