
{"id":81296,"date":"2019-07-30T13:05:24","date_gmt":"2019-07-30T16:05:24","guid":{"rendered":"https:\/\/www.sudoestehoje.com.br\/novoportal\/?p=81296"},"modified":"2019-07-30T13:05:24","modified_gmt":"2019-07-30T16:05:24","slug":"itapetinga-camara-de-vereadores-vai-discutir-projeto-oab-nas-escolas","status":"publish","type":"post","link":"https:\/\/www.sudoestehoje.com.br\/novoportal\/2019\/07\/30\/itapetinga-camara-de-vereadores-vai-discutir-projeto-oab-nas-escolas\/","title":{"rendered":"ITAPETINGA: C\u00c2MARA DE VEREADORES VAI DISCUTIR PROJETO &#8220;OAB NAS ESCOLAS&#8221;"},"content":{"rendered":"<p><a href=\"https:\/\/www.sudoestehoje.com.br\/novoportal\/wp-content\/uploads\/2019\/07\/OAB-NAS-ESCOLAS.jpeg\"><img loading=\"lazy\" decoding=\"async\" class=\"size-full wp-image-81297 alignleft\" src=\"https:\/\/www.sudoestehoje.com.br\/novoportal\/wp-content\/uploads\/2019\/07\/OAB-NAS-ESCOLAS.jpeg\" alt=\"\" width=\"300\" height=\"212\" \/><\/a><\/p>\n<p>No pr\u00f3ximo dia 8 de agosto, \u00e0s 19 horas, a C\u00e2mara Municipal de Itapetinga realizar\u00e1 uma sess\u00e3o especial para discutir o projeto \u201cOAB nas escolas\u201d, que tem como objetivo conscientizar estudantes sobre a import\u00e2ncia dos direitos humanos e da cidadania, por meio de palestras e debates realizados por advogados volunt\u00e1rios nas salas de aula.<\/p>\n<p>De iniciativa da Mesa Diretora, a sess\u00e3o especial ter\u00e1 como palestrante o advogado Itamar Rios, que \u00e9 membro da Comiss\u00e3o de Direitos Humanos da Subse\u00e7\u00e3o da Ordem dos Advogados do Brasil em Itapetinga. Tamb\u00e9m v\u00e3o participar das discuss\u00f5es a advogada Lana Carla Carvalho, presidente da mesma comiss\u00e3o, e o presidente da Subse\u00e7\u00e3o, Fabr\u00edcio Moreira.<\/p>\n<p>O projeto da OAB que leva advogados para dentro das salas de aula de escolas p\u00fablicas j\u00e1 \u00e9 uma realidade em v\u00e1rios estados brasileiros. Em Itapetinga, ele ganhou o nome \u201cOAB nas escolas\u201d e vai beneficiar estudantes das redes p\u00fablica e privada do munic\u00edpio, bem como do ensino superior.<\/p>\n<p>A proposta da OAB \u00e9 trabalhar um tema a cada ano. Para 2019, foi escolhida a Declara\u00e7\u00e3o Universal dos Direitos Humanos. O documento das Na\u00e7\u00f5es Unidas completou 70 anos em dezembro. Conforme informa\u00e7\u00f5es da Subse\u00e7\u00e3o, ser\u00e3o distribu\u00eddos materiais did\u00e1ticos para que os professores trabalhem com os alunos o tema anual at\u00e9 meados do m\u00eas de outubro ou novembro, quando ocorrer\u00e1 a culmin\u00e2ncia do projeto. \/\/Ascom C\u00e2mara<\/p>\n","protected":false},"excerpt":{"rendered":"<p>No pr\u00f3ximo dia 8 de agosto, \u00e0s 19 horas, a C\u00e2mara Municipal de Itapetinga realizar\u00e1 uma sess\u00e3o especial para discutir o projeto \u201cOAB nas escolas\u201d, que tem como objetivo conscientizar estudantes sobre a import\u00e2ncia dos direitos humanos e da cidadania, por meio de palestras e debates realizados por advogados volunt\u00e1rios nas salas de aula. De [&hellip;]<\/p>\n","protected":false},"author":2,"featured_media":81297,"comment_status":"open","ping_status":"open","sticky":false,"template":"","format":"standard","meta":{"footnotes":"","_links_to":"","_links_to_target":""},"categories":[1],"tags":[],"class_list":["post-81296","post","type-post","status-publish","format-standard","has-post-thumbnail","hentry","category-geral"],"views":782,"_links":{"self":[{"href":"https:\/\/www.sudoestehoje.com.br\/novoportal\/wp-json\/wp\/v2\/posts\/81296","targetHints":{"allow":["GET"]}}],"collection":[{"href":"https:\/\/www.sudoestehoje.com.br\/novoportal\/wp-json\/wp\/v2\/posts"}],"about":[{"href":"https:\/\/www.sudoestehoje.com.br\/novoportal\/wp-json\/wp\/v2\/types\/post"}],"author":[{"embeddable":true,"href":"https:\/\/www.sudoestehoje.com.br\/novoportal\/wp-json\/wp\/v2\/users\/2"}],"replies":[{"embeddable":true,"href":"https:\/\/www.sudoestehoje.com.br\/novoportal\/wp-json\/wp\/v2\/comments?post=81296"}],"version-history":[{"count":1,"href":"https:\/\/www.sudoestehoje.com.br\/novoportal\/wp-json\/wp\/v2\/posts\/81296\/revisions"}],"predecessor-version":[{"id":81298,"href":"https:\/\/www.sudoestehoje.com.br\/novoportal\/wp-json\/wp\/v2\/posts\/81296\/revisions\/81298"}],"wp:featuredmedia":[{"embeddable":true,"href":"https:\/\/www.sudoestehoje.com.br\/novoportal\/wp-json\/wp\/v2\/media\/81297"}],"wp:attachment":[{"href":"https:\/\/www.sudoestehoje.com.br\/novoportal\/wp-json\/wp\/v2\/media?parent=81296"}],"wp:term":[{"taxonomy":"category","embeddable":true,"href":"https:\/\/www.sudoestehoje.com.br\/novoportal\/wp-json\/wp\/v2\/categories?post=81296"},{"taxonomy":"post_tag","embeddable":true,"href":"https:\/\/www.sudoestehoje.com.br\/novoportal\/wp-json\/wp\/v2\/tags?post=81296"}],"curies":[{"name":"wp","href":"https:\/\/api.w.org\/{rel}","templated":true}]}}