
{"id":81293,"date":"2019-07-30T11:34:39","date_gmt":"2019-07-30T14:34:39","guid":{"rendered":"https:\/\/www.sudoestehoje.com.br\/novoportal\/?p=81293"},"modified":"2019-07-30T11:34:39","modified_gmt":"2019-07-30T14:34:39","slug":"shows-de-inauguracao-da-policlinica-de-conquista-e-itapetinga-sao-cancelados","status":"publish","type":"post","link":"https:\/\/www.sudoestehoje.com.br\/novoportal\/2019\/07\/30\/shows-de-inauguracao-da-policlinica-de-conquista-e-itapetinga-sao-cancelados\/","title":{"rendered":"SHOWS DE INAUGURA\u00c7\u00c3O DA POLICL\u00cdNICA DE CONQUISTA E ITAPETINGA S\u00c3O CANCELADOS"},"content":{"rendered":"<p><a href=\"https:\/\/www.sudoestehoje.com.br\/novoportal\/wp-content\/uploads\/2019\/07\/boul.jpg\"><img loading=\"lazy\" decoding=\"async\" class=\"aligncenter size-medium wp-image-81294\" src=\"https:\/\/www.sudoestehoje.com.br\/novoportal\/wp-content\/uploads\/2019\/07\/boul-500x334.jpg\" alt=\"\" width=\"500\" height=\"334\" srcset=\"https:\/\/www.sudoestehoje.com.br\/novoportal\/wp-content\/uploads\/2019\/07\/boul-500x334.jpg 500w, https:\/\/www.sudoestehoje.com.br\/novoportal\/wp-content\/uploads\/2019\/07\/boul.jpg 600w\" sizes=\"auto, (max-width: 500px) 100vw, 500px\" \/><\/a><\/p>\n<p>Marcado para acontecer no Boulevard Shopping, a grande festa de inaugura\u00e7\u00e3o da Policl\u00ednica Regional de Sa\u00fade da Regi\u00e3o de Vit\u00f3ria da Conquista e Itapetinga foi suspensa.<\/p>\n<p>De acordo com informa\u00e7\u00f5es que chegaram ao Blog do Anderson na noite desta segunda-feira (29), estariam programadas apresenta\u00e7\u00f5es de L\u00e9o Santana e Saia Rodada.<\/p>\n<p>O evento \u00e9 realizado pela Superintend\u00eancia de Fomento ao Turismo do Estado da Bahia (Bahiatursa) em parceria com o Cons\u00f3rcio P\u00fablico Interfederativo de Sa\u00fade da Regi\u00e3o de Vit\u00f3ria da Conquista e Itapetinga.<\/p>\n","protected":false},"excerpt":{"rendered":"<p>Marcado para acontecer no Boulevard Shopping, a grande festa de inaugura\u00e7\u00e3o da Policl\u00ednica Regional de Sa\u00fade da Regi\u00e3o de Vit\u00f3ria da Conquista e Itapetinga foi suspensa. De acordo com informa\u00e7\u00f5es que chegaram ao Blog do Anderson na noite desta segunda-feira (29), estariam programadas apresenta\u00e7\u00f5es de L\u00e9o Santana e Saia Rodada. O evento \u00e9 realizado pela [&hellip;]<\/p>\n","protected":false},"author":2,"featured_media":81294,"comment_status":"open","ping_status":"open","sticky":false,"template":"","format":"standard","meta":{"footnotes":"","_links_to":"","_links_to_target":""},"categories":[1],"tags":[],"class_list":["post-81293","post","type-post","status-publish","format-standard","has-post-thumbnail","hentry","category-geral"],"views":1038,"_links":{"self":[{"href":"https:\/\/www.sudoestehoje.com.br\/novoportal\/wp-json\/wp\/v2\/posts\/81293","targetHints":{"allow":["GET"]}}],"collection":[{"href":"https:\/\/www.sudoestehoje.com.br\/novoportal\/wp-json\/wp\/v2\/posts"}],"about":[{"href":"https:\/\/www.sudoestehoje.com.br\/novoportal\/wp-json\/wp\/v2\/types\/post"}],"author":[{"embeddable":true,"href":"https:\/\/www.sudoestehoje.com.br\/novoportal\/wp-json\/wp\/v2\/users\/2"}],"replies":[{"embeddable":true,"href":"https:\/\/www.sudoestehoje.com.br\/novoportal\/wp-json\/wp\/v2\/comments?post=81293"}],"version-history":[{"count":1,"href":"https:\/\/www.sudoestehoje.com.br\/novoportal\/wp-json\/wp\/v2\/posts\/81293\/revisions"}],"predecessor-version":[{"id":81295,"href":"https:\/\/www.sudoestehoje.com.br\/novoportal\/wp-json\/wp\/v2\/posts\/81293\/revisions\/81295"}],"wp:featuredmedia":[{"embeddable":true,"href":"https:\/\/www.sudoestehoje.com.br\/novoportal\/wp-json\/wp\/v2\/media\/81294"}],"wp:attachment":[{"href":"https:\/\/www.sudoestehoje.com.br\/novoportal\/wp-json\/wp\/v2\/media?parent=81293"}],"wp:term":[{"taxonomy":"category","embeddable":true,"href":"https:\/\/www.sudoestehoje.com.br\/novoportal\/wp-json\/wp\/v2\/categories?post=81293"},{"taxonomy":"post_tag","embeddable":true,"href":"https:\/\/www.sudoestehoje.com.br\/novoportal\/wp-json\/wp\/v2\/tags?post=81293"}],"curies":[{"name":"wp","href":"https:\/\/api.w.org\/{rel}","templated":true}]}}