
{"id":81287,"date":"2019-07-29T21:49:02","date_gmt":"2019-07-30T00:49:02","guid":{"rendered":"https:\/\/www.sudoestehoje.com.br\/novoportal\/?p=81287"},"modified":"2019-07-29T21:49:02","modified_gmt":"2019-07-30T00:49:02","slug":"profissionais-da-saude-de-itapetinga-sao-treinados-para-atuar-na-policlinica","status":"publish","type":"post","link":"https:\/\/www.sudoestehoje.com.br\/novoportal\/2019\/07\/29\/profissionais-da-saude-de-itapetinga-sao-treinados-para-atuar-na-policlinica\/","title":{"rendered":"PROFISSIONAIS DA SA\u00daDE DE ITAPETINGA S\u00c3O TREINADOS PARA ATUAR NA POLICL\u00cdNICA"},"content":{"rendered":"<p data-raofz=\"14\"><a href=\"https:\/\/www.sudoestehoje.com.br\/novoportal\/wp-content\/uploads\/2019\/07\/TREINAMENTO-1.jpeg\"><img loading=\"lazy\" decoding=\"async\" class=\"aligncenter size-medium wp-image-81290\" src=\"https:\/\/www.sudoestehoje.com.br\/novoportal\/wp-content\/uploads\/2019\/07\/TREINAMENTO-1-500x281.jpeg\" alt=\"\" width=\"500\" height=\"281\" srcset=\"https:\/\/www.sudoestehoje.com.br\/novoportal\/wp-content\/uploads\/2019\/07\/TREINAMENTO-1-500x281.jpeg 500w, https:\/\/www.sudoestehoje.com.br\/novoportal\/wp-content\/uploads\/2019\/07\/TREINAMENTO-1.jpeg 640w\" sizes=\"auto, (max-width: 500px) 100vw, 500px\" \/><\/a><\/p>\n<p data-raofz=\"14\">A prefeitura municipal j\u00e1 deu in\u00edcio \u00e0s reuni\u00f5es para treinamento e demais ajustes necess\u00e1rios para encaminhamento dos pacientes de Itapetinga para a Policl\u00ednica Regional em Vit\u00f3ria da Conquista.<\/p>\n<p data-raofz=\"14\">Com a inaugura\u00e7\u00e3o marcada para dia 01 de agosto, a Policl\u00ednica ir\u00e1 oferecer cerca de 20 especialidades m\u00e9dicas e mais um importante n\u00famero de exames de maior complexidade como tomografia, mamografia e ecocardiograma.<\/p>\n<p data-raofz=\"14\">Os itapetinguenses ter\u00e3o acesso a 20 especialidades: cardiologia, urologia, endocrinologia, otorrinolaringologia, ortopedia, ginecologia, gastrenterologia, cirurgia geral, endoscopia digestiva, radiologia, oftalmologia, anestesiologia, dermatologia e pneumologia. Al\u00e9m disso, os m\u00e9dicos da policl\u00ednica podem encaminhar do paciente para atendimentos com psic\u00f3logos e nutricionistas.<\/p>\n<p data-raofz=\"14\">H\u00e1 tr\u00eas meses, prefeito Rodrigo Hagge assinou o documento que oficializa a ades\u00e3o do munic\u00edpio de Itapetinga \u00e0 Policl\u00ednica Regional certo dos benef\u00edcios que essa parceria pode trazer para a popula\u00e7\u00e3o. <em>\/\/ Ascom<\/em><\/p>\n","protected":false},"excerpt":{"rendered":"<p>A prefeitura municipal j\u00e1 deu in\u00edcio \u00e0s reuni\u00f5es para treinamento e demais ajustes necess\u00e1rios para encaminhamento dos pacientes de Itapetinga para a Policl\u00ednica Regional em Vit\u00f3ria da Conquista. Com a inaugura\u00e7\u00e3o marcada para dia 01 de agosto, a Policl\u00ednica ir\u00e1 oferecer cerca de 20 especialidades m\u00e9dicas e mais um importante n\u00famero de exames de maior [&hellip;]<\/p>\n","protected":false},"author":2,"featured_media":81290,"comment_status":"open","ping_status":"open","sticky":false,"template":"","format":"standard","meta":{"footnotes":"","_links_to":"","_links_to_target":""},"categories":[1],"tags":[],"class_list":["post-81287","post","type-post","status-publish","format-standard","has-post-thumbnail","hentry","category-geral"],"views":677,"_links":{"self":[{"href":"https:\/\/www.sudoestehoje.com.br\/novoportal\/wp-json\/wp\/v2\/posts\/81287","targetHints":{"allow":["GET"]}}],"collection":[{"href":"https:\/\/www.sudoestehoje.com.br\/novoportal\/wp-json\/wp\/v2\/posts"}],"about":[{"href":"https:\/\/www.sudoestehoje.com.br\/novoportal\/wp-json\/wp\/v2\/types\/post"}],"author":[{"embeddable":true,"href":"https:\/\/www.sudoestehoje.com.br\/novoportal\/wp-json\/wp\/v2\/users\/2"}],"replies":[{"embeddable":true,"href":"https:\/\/www.sudoestehoje.com.br\/novoportal\/wp-json\/wp\/v2\/comments?post=81287"}],"version-history":[{"count":4,"href":"https:\/\/www.sudoestehoje.com.br\/novoportal\/wp-json\/wp\/v2\/posts\/81287\/revisions"}],"predecessor-version":[{"id":81292,"href":"https:\/\/www.sudoestehoje.com.br\/novoportal\/wp-json\/wp\/v2\/posts\/81287\/revisions\/81292"}],"wp:featuredmedia":[{"embeddable":true,"href":"https:\/\/www.sudoestehoje.com.br\/novoportal\/wp-json\/wp\/v2\/media\/81290"}],"wp:attachment":[{"href":"https:\/\/www.sudoestehoje.com.br\/novoportal\/wp-json\/wp\/v2\/media?parent=81287"}],"wp:term":[{"taxonomy":"category","embeddable":true,"href":"https:\/\/www.sudoestehoje.com.br\/novoportal\/wp-json\/wp\/v2\/categories?post=81287"},{"taxonomy":"post_tag","embeddable":true,"href":"https:\/\/www.sudoestehoje.com.br\/novoportal\/wp-json\/wp\/v2\/tags?post=81287"}],"curies":[{"name":"wp","href":"https:\/\/api.w.org\/{rel}","templated":true}]}}