
{"id":81276,"date":"2019-07-29T18:18:44","date_gmt":"2019-07-29T21:18:44","guid":{"rendered":"https:\/\/www.sudoestehoje.com.br\/novoportal\/?p=81276"},"modified":"2019-07-29T18:21:08","modified_gmt":"2019-07-29T21:21:08","slug":"video-do-ciclista-saiu-de-itabuna-com-destino-a-lapa-e-morreu-atropelado","status":"publish","type":"post","link":"https:\/\/www.sudoestehoje.com.br\/novoportal\/2019\/07\/29\/video-do-ciclista-saiu-de-itabuna-com-destino-a-lapa-e-morreu-atropelado\/","title":{"rendered":"V\u00cdDEO DO CICLISTA QUE SAIU DE ITABUNA COM DESTINO \u00c0 LAPA E MORREU ATROPELADO"},"content":{"rendered":"<p><a href=\"https:\/\/www.sudoestehoje.com.br\/novoportal\/wp-content\/uploads\/2019\/07\/cicli.jpg\"><img loading=\"lazy\" decoding=\"async\" class=\"aligncenter size-medium wp-image-81277\" src=\"https:\/\/www.sudoestehoje.com.br\/novoportal\/wp-content\/uploads\/2019\/07\/cicli-500x281.jpg\" alt=\"\" width=\"500\" height=\"281\" srcset=\"https:\/\/www.sudoestehoje.com.br\/novoportal\/wp-content\/uploads\/2019\/07\/cicli-500x281.jpg 500w, https:\/\/www.sudoestehoje.com.br\/novoportal\/wp-content\/uploads\/2019\/07\/cicli-768x432.jpg 768w, https:\/\/www.sudoestehoje.com.br\/novoportal\/wp-content\/uploads\/2019\/07\/cicli-700x394.jpg 700w, https:\/\/www.sudoestehoje.com.br\/novoportal\/wp-content\/uploads\/2019\/07\/cicli.jpg 960w\" sizes=\"auto, (max-width: 500px) 100vw, 500px\" \/><\/a><\/p>\n<p>O ciclista Orlando Jos\u00e9 de Melo, 52 anos, saiu do bairro S\u00e3o Caetano, em Itabuna, com destino a Bom Jesus da Lapa, para pagar promessa e participar da festa religiosa que acontece anualmente no dia 6 de agosto.<\/p>\n<p>Ele saiu da sua cidade debaixo de aplausos da popula\u00e7\u00e3o, mas acabou morrendo atropelado na BA-263, em Itapetinga. <strong><em>Confira v\u00eddeo:<\/em><\/strong><\/p>\n<p>https:\/\/www.facebook.com\/blogdoedyy.com.br\/videos\/465508237620979\/<\/p>\n","protected":false},"excerpt":{"rendered":"<p>O ciclista Orlando Jos\u00e9 de Melo, 52 anos, saiu do bairro S\u00e3o Caetano, em Itabuna, com destino a Bom Jesus da Lapa, para pagar promessa e participar da festa religiosa que acontece anualmente no dia 6 de agosto. Ele saiu da sua cidade debaixo de aplausos da popula\u00e7\u00e3o, mas acabou morrendo atropelado na BA-263, em [&hellip;]<\/p>\n","protected":false},"author":2,"featured_media":81277,"comment_status":"open","ping_status":"open","sticky":false,"template":"","format":"standard","meta":{"footnotes":"","_links_to":"","_links_to_target":""},"categories":[1],"tags":[],"class_list":["post-81276","post","type-post","status-publish","format-standard","has-post-thumbnail","hentry","category-geral"],"views":1096,"_links":{"self":[{"href":"https:\/\/www.sudoestehoje.com.br\/novoportal\/wp-json\/wp\/v2\/posts\/81276","targetHints":{"allow":["GET"]}}],"collection":[{"href":"https:\/\/www.sudoestehoje.com.br\/novoportal\/wp-json\/wp\/v2\/posts"}],"about":[{"href":"https:\/\/www.sudoestehoje.com.br\/novoportal\/wp-json\/wp\/v2\/types\/post"}],"author":[{"embeddable":true,"href":"https:\/\/www.sudoestehoje.com.br\/novoportal\/wp-json\/wp\/v2\/users\/2"}],"replies":[{"embeddable":true,"href":"https:\/\/www.sudoestehoje.com.br\/novoportal\/wp-json\/wp\/v2\/comments?post=81276"}],"version-history":[{"count":3,"href":"https:\/\/www.sudoestehoje.com.br\/novoportal\/wp-json\/wp\/v2\/posts\/81276\/revisions"}],"predecessor-version":[{"id":81280,"href":"https:\/\/www.sudoestehoje.com.br\/novoportal\/wp-json\/wp\/v2\/posts\/81276\/revisions\/81280"}],"wp:featuredmedia":[{"embeddable":true,"href":"https:\/\/www.sudoestehoje.com.br\/novoportal\/wp-json\/wp\/v2\/media\/81277"}],"wp:attachment":[{"href":"https:\/\/www.sudoestehoje.com.br\/novoportal\/wp-json\/wp\/v2\/media?parent=81276"}],"wp:term":[{"taxonomy":"category","embeddable":true,"href":"https:\/\/www.sudoestehoje.com.br\/novoportal\/wp-json\/wp\/v2\/categories?post=81276"},{"taxonomy":"post_tag","embeddable":true,"href":"https:\/\/www.sudoestehoje.com.br\/novoportal\/wp-json\/wp\/v2\/tags?post=81276"}],"curies":[{"name":"wp","href":"https:\/\/api.w.org\/{rel}","templated":true}]}}