
{"id":81263,"date":"2019-07-28T22:22:45","date_gmt":"2019-07-29T01:22:45","guid":{"rendered":"https:\/\/www.sudoestehoje.com.br\/novoportal\/?p=81263"},"modified":"2019-07-29T13:27:53","modified_gmt":"2019-07-29T16:27:53","slug":"rodrigo-suspende-agenda-para-acompanhar-nascimento-da-filha-manuela-na-quarta","status":"publish","type":"post","link":"https:\/\/www.sudoestehoje.com.br\/novoportal\/2019\/07\/28\/rodrigo-suspende-agenda-para-acompanhar-nascimento-da-filha-manuela-na-quarta\/","title":{"rendered":"RODRIGO SUSPENDE AGENDA PARA ACOMPANHAR NASCIMENTO DA FILHA MANUELA, NA QUARTA"},"content":{"rendered":"<p><a href=\"https:\/\/www.sudoestehoje.com.br\/novoportal\/wp-content\/uploads\/2019\/07\/rodrigo-e-yasmin.jpg\"><img loading=\"lazy\" decoding=\"async\" class=\"aligncenter wp-image-81267\" src=\"https:\/\/www.sudoestehoje.com.br\/novoportal\/wp-content\/uploads\/2019\/07\/rodrigo-e-yasmin.jpg\" alt=\"\" width=\"501\" height=\"371\" \/><\/a><\/p>\n<p>O prefeito de Itapetinga, Rodrigo Hagge (MDB), suspendeu a sua agenda administrativa e pol\u00edtica nesta semana, para acompanhar o nascimento da sua primeira filha, Manuela Hagge, previsto para a pr\u00f3xima quarta-feira (31).<\/p>\n<p>O parto ser\u00e1 realizado no Hospital Portugu\u00eas, em Salvador, a pedido do m\u00e9dico obstetra Marcelo Azevedo, que \u00e9 tio e padrinho de Yasmin Lima, esposa do prefeito Rodrigo.<\/p>\n<p>INAUGURA\u00c7\u00c3O DA POLICL\u00cdNICA DE CONQUISTA<\/p>\n<p>Dentre os compromissos cancelados pelo chefe do executivo, est\u00e1 a inaugura\u00e7\u00e3o da Policl\u00ednica Regional de Vit\u00f3ria da Conquista e Itapetinga, que acontecer\u00e1 na quinta-feira (1), pelo governo do estado e prefeitos da regi\u00e3o.<\/p>\n<p>Em contato com o Sudoeste Hoje Rodrigo explicou que n\u00e3o poderia deixar de estar presente a esse momento singular, que \u00e9 o nascimento da sua primeira filha.<\/p>\n<p><em>&#8220;Jamais deixaria de estar ao lado da minha esposa e toda a fam\u00edlia em um dos momentos mais importantes da minha vida, que \u00e9 o nascimento de Manuela, minha primeira filha&#8221;<\/em>, concluiu Rodrigo.<\/p>\n<p><strong><em>Por Davi Ferraz<\/em><\/strong><\/p>\n","protected":false},"excerpt":{"rendered":"<p>O prefeito de Itapetinga, Rodrigo Hagge (MDB), suspendeu a sua agenda administrativa e pol\u00edtica nesta semana, para acompanhar o nascimento da sua primeira filha, Manuela Hagge, previsto para a pr\u00f3xima quarta-feira (31). O parto ser\u00e1 realizado no Hospital Portugu\u00eas, em Salvador, a pedido do m\u00e9dico obstetra Marcelo Azevedo, que \u00e9 tio e padrinho de Yasmin [&hellip;]<\/p>\n","protected":false},"author":2,"featured_media":81267,"comment_status":"open","ping_status":"open","sticky":false,"template":"","format":"standard","meta":{"footnotes":"","_links_to":"","_links_to_target":""},"categories":[1],"tags":[],"class_list":["post-81263","post","type-post","status-publish","format-standard","has-post-thumbnail","hentry","category-geral"],"views":1551,"_links":{"self":[{"href":"https:\/\/www.sudoestehoje.com.br\/novoportal\/wp-json\/wp\/v2\/posts\/81263","targetHints":{"allow":["GET"]}}],"collection":[{"href":"https:\/\/www.sudoestehoje.com.br\/novoportal\/wp-json\/wp\/v2\/posts"}],"about":[{"href":"https:\/\/www.sudoestehoje.com.br\/novoportal\/wp-json\/wp\/v2\/types\/post"}],"author":[{"embeddable":true,"href":"https:\/\/www.sudoestehoje.com.br\/novoportal\/wp-json\/wp\/v2\/users\/2"}],"replies":[{"embeddable":true,"href":"https:\/\/www.sudoestehoje.com.br\/novoportal\/wp-json\/wp\/v2\/comments?post=81263"}],"version-history":[{"count":6,"href":"https:\/\/www.sudoestehoje.com.br\/novoportal\/wp-json\/wp\/v2\/posts\/81263\/revisions"}],"predecessor-version":[{"id":81275,"href":"https:\/\/www.sudoestehoje.com.br\/novoportal\/wp-json\/wp\/v2\/posts\/81263\/revisions\/81275"}],"wp:featuredmedia":[{"embeddable":true,"href":"https:\/\/www.sudoestehoje.com.br\/novoportal\/wp-json\/wp\/v2\/media\/81267"}],"wp:attachment":[{"href":"https:\/\/www.sudoestehoje.com.br\/novoportal\/wp-json\/wp\/v2\/media?parent=81263"}],"wp:term":[{"taxonomy":"category","embeddable":true,"href":"https:\/\/www.sudoestehoje.com.br\/novoportal\/wp-json\/wp\/v2\/categories?post=81263"},{"taxonomy":"post_tag","embeddable":true,"href":"https:\/\/www.sudoestehoje.com.br\/novoportal\/wp-json\/wp\/v2\/tags?post=81263"}],"curies":[{"name":"wp","href":"https:\/\/api.w.org\/{rel}","templated":true}]}}