
{"id":81244,"date":"2019-07-28T10:28:27","date_gmt":"2019-07-28T13:28:27","guid":{"rendered":"https:\/\/www.sudoestehoje.com.br\/novoportal\/?p=81244"},"modified":"2019-07-28T17:38:26","modified_gmt":"2019-07-28T20:38:26","slug":"regiao-sul-pedro-tavares-parabeniza-itabuna-pelos-seus-109-anos","status":"publish","type":"post","link":"https:\/\/www.sudoestehoje.com.br\/novoportal\/2019\/07\/28\/regiao-sul-pedro-tavares-parabeniza-itabuna-pelos-seus-109-anos\/","title":{"rendered":"REGI\u00c3O SUL: PEDRO TAVARES PARABENIZA ITABUNA PELOS SEUS 109 ANOS"},"content":{"rendered":"<p><a href=\"https:\/\/www.sudoestehoje.com.br\/novoportal\/wp-content\/uploads\/2019\/07\/anivers\u00e1rio-itabuna.jpg\"><img loading=\"lazy\" decoding=\"async\" class=\"aligncenter size-medium wp-image-81245\" src=\"https:\/\/www.sudoestehoje.com.br\/novoportal\/wp-content\/uploads\/2019\/07\/anivers\u00e1rio-itabuna-500x500.jpg\" alt=\"\" width=\"500\" height=\"500\" srcset=\"https:\/\/www.sudoestehoje.com.br\/novoportal\/wp-content\/uploads\/2019\/07\/anivers\u00e1rio-itabuna-500x500.jpg 500w, https:\/\/www.sudoestehoje.com.br\/novoportal\/wp-content\/uploads\/2019\/07\/anivers\u00e1rio-itabuna-150x150.jpg 150w, https:\/\/www.sudoestehoje.com.br\/novoportal\/wp-content\/uploads\/2019\/07\/anivers\u00e1rio-itabuna.jpg 640w\" sizes=\"auto, (max-width: 500px) 100vw, 500px\" \/><\/a><\/p>\n<p>Hoje \u00e9 o dia de parabenizar tamb\u00e9m a querida Itabuna, uma das cidades mais populosas e mais importantes do nosso estado, conhecida por ser a terra, onde nasceu o escritor Jorge Amado e tamb\u00e9m pela sua cultura, economia e hist\u00f3ria muito ligada ao cacau.<\/p>\n<p>Quero deixar um abra\u00e7o a todos os amigos e amigas de Itabuna, na figura do atual presidente da C\u00e2mara, Ricardo Xavier e de toda a sua fam\u00edlia. Tenho a honra de representar essa cidade querida, no Parlamento Estadual, desde o meu primeiro mandato. Parab\u00e9ns Itabuna! Desejo muita sa\u00fade, paz e prosperidade a toda a popula\u00e7\u00e3o! Estamos Juntos!<\/p>\n","protected":false},"excerpt":{"rendered":"<p>Hoje \u00e9 o dia de parabenizar tamb\u00e9m a querida Itabuna, uma das cidades mais populosas e mais importantes do nosso estado, conhecida por ser a terra, onde nasceu o escritor Jorge Amado e tamb\u00e9m pela sua cultura, economia e hist\u00f3ria muito ligada ao cacau. Quero deixar um abra\u00e7o a todos os amigos e amigas de [&hellip;]<\/p>\n","protected":false},"author":2,"featured_media":81245,"comment_status":"open","ping_status":"open","sticky":false,"template":"","format":"standard","meta":{"footnotes":"","_links_to":"","_links_to_target":""},"categories":[1],"tags":[],"class_list":["post-81244","post","type-post","status-publish","format-standard","has-post-thumbnail","hentry","category-geral"],"views":1274,"_links":{"self":[{"href":"https:\/\/www.sudoestehoje.com.br\/novoportal\/wp-json\/wp\/v2\/posts\/81244","targetHints":{"allow":["GET"]}}],"collection":[{"href":"https:\/\/www.sudoestehoje.com.br\/novoportal\/wp-json\/wp\/v2\/posts"}],"about":[{"href":"https:\/\/www.sudoestehoje.com.br\/novoportal\/wp-json\/wp\/v2\/types\/post"}],"author":[{"embeddable":true,"href":"https:\/\/www.sudoestehoje.com.br\/novoportal\/wp-json\/wp\/v2\/users\/2"}],"replies":[{"embeddable":true,"href":"https:\/\/www.sudoestehoje.com.br\/novoportal\/wp-json\/wp\/v2\/comments?post=81244"}],"version-history":[{"count":1,"href":"https:\/\/www.sudoestehoje.com.br\/novoportal\/wp-json\/wp\/v2\/posts\/81244\/revisions"}],"predecessor-version":[{"id":81246,"href":"https:\/\/www.sudoestehoje.com.br\/novoportal\/wp-json\/wp\/v2\/posts\/81244\/revisions\/81246"}],"wp:featuredmedia":[{"embeddable":true,"href":"https:\/\/www.sudoestehoje.com.br\/novoportal\/wp-json\/wp\/v2\/media\/81245"}],"wp:attachment":[{"href":"https:\/\/www.sudoestehoje.com.br\/novoportal\/wp-json\/wp\/v2\/media?parent=81244"}],"wp:term":[{"taxonomy":"category","embeddable":true,"href":"https:\/\/www.sudoestehoje.com.br\/novoportal\/wp-json\/wp\/v2\/categories?post=81244"},{"taxonomy":"post_tag","embeddable":true,"href":"https:\/\/www.sudoestehoje.com.br\/novoportal\/wp-json\/wp\/v2\/tags?post=81244"}],"curies":[{"name":"wp","href":"https:\/\/api.w.org\/{rel}","templated":true}]}}