
{"id":81235,"date":"2019-07-26T22:08:39","date_gmt":"2019-07-27T01:08:39","guid":{"rendered":"https:\/\/www.sudoestehoje.com.br\/novoportal\/?p=81235"},"modified":"2019-07-26T22:08:39","modified_gmt":"2019-07-27T01:08:39","slug":"rui-vai-inaugurar-policlinica-de-conquista-com-show-artistico-de-atracao-nacional","status":"publish","type":"post","link":"https:\/\/www.sudoestehoje.com.br\/novoportal\/2019\/07\/26\/rui-vai-inaugurar-policlinica-de-conquista-com-show-artistico-de-atracao-nacional\/","title":{"rendered":"RUI VAI INAUGURAR POLICL\u00cdNICA DE CONQUISTA COM SHOW ART\u00cdSTICO DE &#8220;ATRA\u00c7\u00c3O NACIONAL&#8221;"},"content":{"rendered":"<p><a href=\"https:\/\/www.sudoestehoje.com.br\/novoportal\/wp-content\/uploads\/2019\/07\/Policl\u00ednica-em-obras-Foto-Blog-do-Anderson.jpg\"><img loading=\"lazy\" decoding=\"async\" class=\"aligncenter size-medium wp-image-81236\" src=\"https:\/\/www.sudoestehoje.com.br\/novoportal\/wp-content\/uploads\/2019\/07\/Policl\u00ednica-em-obras-Foto-Blog-do-Anderson-500x334.jpg\" alt=\"\" width=\"500\" height=\"334\" srcset=\"https:\/\/www.sudoestehoje.com.br\/novoportal\/wp-content\/uploads\/2019\/07\/Policl\u00ednica-em-obras-Foto-Blog-do-Anderson-500x334.jpg 500w, https:\/\/www.sudoestehoje.com.br\/novoportal\/wp-content\/uploads\/2019\/07\/Policl\u00ednica-em-obras-Foto-Blog-do-Anderson.jpg 600w\" sizes=\"auto, (max-width: 500px) 100vw, 500px\" \/><\/a><\/p>\n<p>A inaugura\u00e7\u00e3o da Policl\u00ednica Regional de Sa\u00fade est\u00e1 marcada para a pr\u00f3xima quinta-feira (01). De acordo com o presidente da BahiaTursa, Diogo Medrado, confirmou que o evento vai contar com uma atra\u00e7\u00e3o musical, que j\u00e1 est\u00e1 sendo escolhida.<\/p>\n<p>\u201cEstamos pesquisando nas agendas dos artistas e acredito que at\u00e9 a pr\u00f3xima segunda-feira devemos anunciar para a cidade qual ser\u00e1 a atra\u00e7\u00e3o da inaugura\u00e7\u00e3o\u201d, afirmou Diogo.<\/p>\n<p>Nesta manh\u00e3 (26), o governador Rui Costa refor\u00e7ou o que tinha afirmado no programa \u2018Papo Correria\u2019: O que n\u00f3s vamos fazer em Conquista \u00e9 a inaugura\u00e7\u00e3o da policl\u00ednica sem lista de presen\u00e7a, sem credenciais e sem tapume\u201d, disparou Rui.<\/p>\n<p>Um dos motivos que fizeram o governador desistir de ir \u00e0 inaugura\u00e7\u00e3o do Novo Aeroporto foi a necessidade de convites, al\u00e9m da cerim\u00f4nia ter realizada sem o povo. <em>\/\/Blog do Sena<\/em><\/p>\n","protected":false},"excerpt":{"rendered":"<p>A inaugura\u00e7\u00e3o da Policl\u00ednica Regional de Sa\u00fade est\u00e1 marcada para a pr\u00f3xima quinta-feira (01). De acordo com o presidente da BahiaTursa, Diogo Medrado, confirmou que o evento vai contar com uma atra\u00e7\u00e3o musical, que j\u00e1 est\u00e1 sendo escolhida. \u201cEstamos pesquisando nas agendas dos artistas e acredito que at\u00e9 a pr\u00f3xima segunda-feira devemos anunciar para a [&hellip;]<\/p>\n","protected":false},"author":2,"featured_media":81236,"comment_status":"open","ping_status":"open","sticky":false,"template":"","format":"standard","meta":{"footnotes":"","_links_to":"","_links_to_target":""},"categories":[1],"tags":[],"class_list":["post-81235","post","type-post","status-publish","format-standard","has-post-thumbnail","hentry","category-geral"],"views":841,"_links":{"self":[{"href":"https:\/\/www.sudoestehoje.com.br\/novoportal\/wp-json\/wp\/v2\/posts\/81235","targetHints":{"allow":["GET"]}}],"collection":[{"href":"https:\/\/www.sudoestehoje.com.br\/novoportal\/wp-json\/wp\/v2\/posts"}],"about":[{"href":"https:\/\/www.sudoestehoje.com.br\/novoportal\/wp-json\/wp\/v2\/types\/post"}],"author":[{"embeddable":true,"href":"https:\/\/www.sudoestehoje.com.br\/novoportal\/wp-json\/wp\/v2\/users\/2"}],"replies":[{"embeddable":true,"href":"https:\/\/www.sudoestehoje.com.br\/novoportal\/wp-json\/wp\/v2\/comments?post=81235"}],"version-history":[{"count":2,"href":"https:\/\/www.sudoestehoje.com.br\/novoportal\/wp-json\/wp\/v2\/posts\/81235\/revisions"}],"predecessor-version":[{"id":81238,"href":"https:\/\/www.sudoestehoje.com.br\/novoportal\/wp-json\/wp\/v2\/posts\/81235\/revisions\/81238"}],"wp:featuredmedia":[{"embeddable":true,"href":"https:\/\/www.sudoestehoje.com.br\/novoportal\/wp-json\/wp\/v2\/media\/81236"}],"wp:attachment":[{"href":"https:\/\/www.sudoestehoje.com.br\/novoportal\/wp-json\/wp\/v2\/media?parent=81235"}],"wp:term":[{"taxonomy":"category","embeddable":true,"href":"https:\/\/www.sudoestehoje.com.br\/novoportal\/wp-json\/wp\/v2\/categories?post=81235"},{"taxonomy":"post_tag","embeddable":true,"href":"https:\/\/www.sudoestehoje.com.br\/novoportal\/wp-json\/wp\/v2\/tags?post=81235"}],"curies":[{"name":"wp","href":"https:\/\/api.w.org\/{rel}","templated":true}]}}