
{"id":81230,"date":"2019-07-26T21:42:33","date_gmt":"2019-07-27T00:42:33","guid":{"rendered":"https:\/\/www.sudoestehoje.com.br\/novoportal\/?p=81230"},"modified":"2019-07-26T21:42:33","modified_gmt":"2019-07-27T00:42:33","slug":"saae-comunica-suspensao-do-abastecimento-para-manutencao-da-rede-neste-domingo","status":"publish","type":"post","link":"https:\/\/www.sudoestehoje.com.br\/novoportal\/2019\/07\/26\/saae-comunica-suspensao-do-abastecimento-para-manutencao-da-rede-neste-domingo\/","title":{"rendered":"SAAE COMUNICA SUSPENS\u00c3O DO ABASTECIMENTO PARA MANUTEN\u00c7\u00c3O DA REDE NESTE DOMINGO"},"content":{"rendered":"<p><a href=\"https:\/\/www.sudoestehoje.com.br\/novoportal\/wp-content\/uploads\/2019\/07\/comunicado-saae.jpg\"><img loading=\"lazy\" decoding=\"async\" class=\"aligncenter size-medium wp-image-81231\" src=\"https:\/\/www.sudoestehoje.com.br\/novoportal\/wp-content\/uploads\/2019\/07\/comunicado-saae-500x211.jpg\" alt=\"\" width=\"500\" height=\"211\" srcset=\"https:\/\/www.sudoestehoje.com.br\/novoportal\/wp-content\/uploads\/2019\/07\/comunicado-saae-500x211.jpg 500w, https:\/\/www.sudoestehoje.com.br\/novoportal\/wp-content\/uploads\/2019\/07\/comunicado-saae-768x324.jpg 768w, https:\/\/www.sudoestehoje.com.br\/novoportal\/wp-content\/uploads\/2019\/07\/comunicado-saae-700x296.jpg 700w, https:\/\/www.sudoestehoje.com.br\/novoportal\/wp-content\/uploads\/2019\/07\/comunicado-saae.jpg 874w\" sizes=\"auto, (max-width: 500px) 100vw, 500px\" \/><\/a><\/p>\n<p>O SAAE estar\u00e1 realizando duas interven\u00e7\u00f5es simultaneamente neste domingo, dia 28, das 03 \u00e0s 17 h na sua rede de capta\u00e7\u00e3o. A manuten\u00e7\u00e3o ser\u00e1 feita na adutora que leva \u00e1gua bruta da capta\u00e7\u00e3o a ETA &#8211; Esta\u00e7\u00e3o de Tratamento e ser\u00e1 necess\u00e1rio a<strong> suspens\u00e3o do abastecimento em toda a cidade<\/strong>. Os vazamentos foram localizados na estrada da capta\u00e7\u00e3o no bairro Jos\u00e9 Ivo.<\/p>\n<p>Ainda na noite de domingo, ser\u00e1 normalizado o abastecimento de \u00e1gua, exceto em bairros distantes e partes mais altas, a exemplo do Recanto da Colina, Morada do Bem Querer, Hilda Gama, Vila Aurora e parte do centro da cidade.<\/p>\n<p>Como toda a rede de \u00e1gua ser\u00e1 esvaziada durante o per\u00edodo da execu\u00e7\u00e3o do servi\u00e7o, apenas na segunda feira (29) o abastecimento ser\u00e1 totalmente restabelecido.<\/p>\n<p>O diretor do SAAE, Alex Dutra, agradece a compreens\u00e3o de todos os mun\u00edcipes e orienta que continuem economizando e armazenando \u00e1gua nos reservat\u00f3rios dispon\u00edveis, durante todo o s\u00e1bado, dia 27.<\/p>\n","protected":false},"excerpt":{"rendered":"<p>O SAAE estar\u00e1 realizando duas interven\u00e7\u00f5es simultaneamente neste domingo, dia 28, das 03 \u00e0s 17 h na sua rede de capta\u00e7\u00e3o. A manuten\u00e7\u00e3o ser\u00e1 feita na adutora que leva \u00e1gua bruta da capta\u00e7\u00e3o a ETA &#8211; Esta\u00e7\u00e3o de Tratamento e ser\u00e1 necess\u00e1rio a suspens\u00e3o do abastecimento em toda a cidade. Os vazamentos foram localizados na [&hellip;]<\/p>\n","protected":false},"author":2,"featured_media":81231,"comment_status":"open","ping_status":"open","sticky":false,"template":"","format":"standard","meta":{"footnotes":"","_links_to":"","_links_to_target":""},"categories":[1],"tags":[],"class_list":["post-81230","post","type-post","status-publish","format-standard","has-post-thumbnail","hentry","category-geral"],"views":811,"_links":{"self":[{"href":"https:\/\/www.sudoestehoje.com.br\/novoportal\/wp-json\/wp\/v2\/posts\/81230","targetHints":{"allow":["GET"]}}],"collection":[{"href":"https:\/\/www.sudoestehoje.com.br\/novoportal\/wp-json\/wp\/v2\/posts"}],"about":[{"href":"https:\/\/www.sudoestehoje.com.br\/novoportal\/wp-json\/wp\/v2\/types\/post"}],"author":[{"embeddable":true,"href":"https:\/\/www.sudoestehoje.com.br\/novoportal\/wp-json\/wp\/v2\/users\/2"}],"replies":[{"embeddable":true,"href":"https:\/\/www.sudoestehoje.com.br\/novoportal\/wp-json\/wp\/v2\/comments?post=81230"}],"version-history":[{"count":3,"href":"https:\/\/www.sudoestehoje.com.br\/novoportal\/wp-json\/wp\/v2\/posts\/81230\/revisions"}],"predecessor-version":[{"id":81234,"href":"https:\/\/www.sudoestehoje.com.br\/novoportal\/wp-json\/wp\/v2\/posts\/81230\/revisions\/81234"}],"wp:featuredmedia":[{"embeddable":true,"href":"https:\/\/www.sudoestehoje.com.br\/novoportal\/wp-json\/wp\/v2\/media\/81231"}],"wp:attachment":[{"href":"https:\/\/www.sudoestehoje.com.br\/novoportal\/wp-json\/wp\/v2\/media?parent=81230"}],"wp:term":[{"taxonomy":"category","embeddable":true,"href":"https:\/\/www.sudoestehoje.com.br\/novoportal\/wp-json\/wp\/v2\/categories?post=81230"},{"taxonomy":"post_tag","embeddable":true,"href":"https:\/\/www.sudoestehoje.com.br\/novoportal\/wp-json\/wp\/v2\/tags?post=81230"}],"curies":[{"name":"wp","href":"https:\/\/api.w.org\/{rel}","templated":true}]}}